{"id":9291,"date":"2019-10-13T07:33:01","date_gmt":"2019-10-13T07:33:01","guid":{"rendered":"https:\/\/ypjrojava.net\/?p=9291"},"modified":"2019-10-13T07:33:01","modified_gmt":"2019-10-13T07:33:01","slug":"em-e-li-ber-xwe-bidin-u-bi-serbikevin","status":"publish","type":"post","link":"https:\/\/ypjrojava.net\/?p=9291","title":{"rendered":"Em \u00ea Li Ber Xwe Bidin \u00db Bi Serbikevin"},"content":{"rendered":"<p>\u015eervana yek\u00eeney\u00ean parastina Jin YPJ&#8217;\u00ea Del\u00eela Ser\u00eakaniy\u00ea, ya di eniya berxwedana Ser\u00eakaniy\u00ea de cih\u00ea xwe digre, bi van hevokan berxwedana ku ew li hember\u00ee dagirkeriy\u00ea dime\u015f\u00eenin vegot; &#8220;Em \u00ea axa xwe \u00fb welat\u00ea xwe bipar\u00eazin, dagirkeriya dijmin li Ser\u00ea Kaniy\u00ea berdewame, li hember\u00ee \u00a0dagirkeriy\u00ea berxwedaniya heval\u00ean me j\u00ee \u00a0berdewam dike. Dibe ku tekn\u00eeka wan hebe \u00a0l\u00ea heta ku h\u00eaza me \u00fb rih\u00ea me y\u00ea serkeftin\u00ea heb\u00ea em \u00ea li ber xwe bidin \u00fb bi serbikevin. W\u00ea di p\u00ea\u015fengiya jin\u00ea de Ser\u00eakaniy\u00ea bi serbikeve.&#8221;<\/p>\n<p>Navenda Ragihandina YPJ<\/p>\n<p>&nbsp;<\/p>\n","protected":false},"excerpt":{"rendered":"<p>\u015eervana yek\u00eeney\u00ean parastina Jin YPJ&#8217;\u00ea Del\u00eela Ser\u00eakaniy\u00ea, ya di eniya berxwedana Ser\u00eakaniy\u00ea de cih\u00ea xwe digre, bi van hevokan berxwedana ku ew li hember\u00ee dagirkeriy\u00ea dime\u015f\u00eenin vegot; &#8220;Em \u00ea axa xwe \u00fb welat\u00ea xwe bipar\u00eazin, dagirkeriya dijmin li Ser\u00ea Kaniy\u00ea berdewame, li hember\u00ee \u00a0dagirkeriy\u00ea berxwedaniya heval\u00ean me j\u00ee \u00a0berdewam dike. Dibe ku tekn\u00eeka wan hebe [&hellip;]<\/p>\n","protected":false},"author":1,"featured_media":9292,"comment_status":"closed","ping_status":"closed","sticky":false,"template":"","format":"standard","meta":{"footnotes":""},"categories":[38],"tags":[],"class_list":{"0":"post-9291","1":"post","2":"type-post","3":"status-publish","4":"format-standard","5":"has-post-thumbnail","7":"category-nuce"},"_links":{"self":[{"href":"https:\/\/ypjrojava.net\/index.php?rest_route=\/wp\/v2\/posts\/9291","targetHints":{"allow":["GET"]}}],"collection":[{"href":"https:\/\/ypjrojava.net\/index.php?rest_route=\/wp\/v2\/posts"}],"about":[{"href":"https:\/\/ypjrojava.net\/index.php?rest_route=\/wp\/v2\/types\/post"}],"author":[{"embeddable":true,"href":"https:\/\/ypjrojava.net\/index.php?rest_route=\/wp\/v2\/users\/1"}],"replies":[{"embeddable":true,"href":"https:\/\/ypjrojava.net\/index.php?rest_route=%2Fwp%2Fv2%2Fcomments&post=9291"}],"version-history":[{"count":1,"href":"https:\/\/ypjrojava.net\/index.php?rest_route=\/wp\/v2\/posts\/9291\/revisions"}],"predecessor-version":[{"id":9293,"href":"https:\/\/ypjrojava.net\/index.php?rest_route=\/wp\/v2\/posts\/9291\/revisions\/9293"}],"wp:featuredmedia":[{"embeddable":true,"href":"https:\/\/ypjrojava.net\/index.php?rest_route=\/wp\/v2\/media\/9292"}],"wp:attachment":[{"href":"https:\/\/ypjrojava.net\/index.php?rest_route=%2Fwp%2Fv2%2Fmedia&parent=9291"}],"wp:term":[{"taxonomy":"category","embeddable":true,"href":"https:\/\/ypjrojava.net\/index.php?rest_route=%2Fwp%2Fv2%2Fcategories&post=9291"},{"taxonomy":"post_tag","embeddable":true,"href":"https:\/\/ypjrojava.net\/index.php?rest_route=%2Fwp%2Fv2%2Ftags&post=9291"}],"curies":[{"name":"wp","href":"https:\/\/api.w.org\/{rel}","templated":true}]}}