{"id":9294,"date":"2019-10-13T09:03:38","date_gmt":"2019-10-13T09:03:38","guid":{"rendered":"https:\/\/ypjrojava.net\/?p=9294"},"modified":"2019-10-13T09:04:22","modified_gmt":"2019-10-13T09:04:22","slug":"ser-u-pevcun-li-gire-spi-u-serekaniye-dijware","status":"publish","type":"post","link":"https:\/\/ypjrojava.net\/?p=9294","title":{"rendered":"\u015eer \u00db Pev\u00e7\u00fbn Li Gir\u00ea Sp\u00ee \u00db Ser\u00eakaniy\u00ea Dijware"},"content":{"rendered":"<p>Li gor agahiy\u00ean daw\u00ee \u00ear\u00ee\u015f\u00ean dewleta tirk y\u00ean li ser gir\u00ea sp\u00ee \u00fb ser\u00eakaniy\u00ea bi hem\u00fb dijwariya xwe berdewam dikin. Li hember\u00ee van \u00ear\u00ee\u015fan j\u00ee berxwedaniyeke d\u00eerok\u00ee ji aliy\u00ea \u015fervan\u00ean ypj-ypg&#8217;\u00ea \u00fb qsd&#8217;\u00ea ve t\u00ea me\u015fandin. Li ser\u00eakaniy\u00ea bi taybet \u015fer \u00fb pev\u00e7\u00fbn li mezrra mic\u00ea, sanay\u00ee y\u00ea di van seatan de dijware. Her wiha li aliy\u00ea tilxelef j\u00ee pev\u00e7\u00fbn berdewam dikin. \u00c7eteyan ji mezra mic\u00ea ve xwestin bikevin baj\u00ear l\u00ea rast\u00ee berxwedaniya \u015fervan hatin \u00fb gav pa\u015fde av\u00eatin.<\/p>\n<p>Di van k\u00ealiyan de li gir\u00ea sp\u00ee j\u00ee \u015fer \u00fb pev\u00e7\u00fbn li gor roj\u00ean din dijwartir b\u00fbye. Art\u00ea\u015fa tirk \u00fb \u00e7etey\u00ean w\u00ee hewl didin ji dimilan de p\u00ea\u015fde werin \u00fb l\u00ea berxwedana \u015fervanan \u00fb bersivday\u00eena wan bi hem\u00fb dijwariya xwe berdewam dike.<\/p>\n<p>Navenda Ragihandina YPJ<\/p>\n<p>&nbsp;<\/p>\n","protected":false},"excerpt":{"rendered":"<p>Li gor agahiy\u00ean daw\u00ee \u00ear\u00ee\u015f\u00ean dewleta tirk y\u00ean li ser gir\u00ea sp\u00ee \u00fb ser\u00eakaniy\u00ea bi hem\u00fb dijwariya xwe berdewam dikin. Li hember\u00ee van \u00ear\u00ee\u015fan j\u00ee berxwedaniyeke d\u00eerok\u00ee ji aliy\u00ea \u015fervan\u00ean ypj-ypg&#8217;\u00ea \u00fb qsd&#8217;\u00ea ve t\u00ea me\u015fandin. Li ser\u00eakaniy\u00ea bi taybet \u015fer \u00fb pev\u00e7\u00fbn li mezrra mic\u00ea, sanay\u00ee y\u00ea di van seatan de dijware. Her wiha [&hellip;]<\/p>\n","protected":false},"author":1,"featured_media":9295,"comment_status":"closed","ping_status":"closed","sticky":false,"template":"","format":"standard","meta":{"footnotes":""},"categories":[38],"tags":[],"class_list":{"0":"post-9294","1":"post","2":"type-post","3":"status-publish","4":"format-standard","5":"has-post-thumbnail","7":"category-nuce"},"_links":{"self":[{"href":"https:\/\/ypjrojava.net\/index.php?rest_route=\/wp\/v2\/posts\/9294","targetHints":{"allow":["GET"]}}],"collection":[{"href":"https:\/\/ypjrojava.net\/index.php?rest_route=\/wp\/v2\/posts"}],"about":[{"href":"https:\/\/ypjrojava.net\/index.php?rest_route=\/wp\/v2\/types\/post"}],"author":[{"embeddable":true,"href":"https:\/\/ypjrojava.net\/index.php?rest_route=\/wp\/v2\/users\/1"}],"replies":[{"embeddable":true,"href":"https:\/\/ypjrojava.net\/index.php?rest_route=%2Fwp%2Fv2%2Fcomments&post=9294"}],"version-history":[{"count":1,"href":"https:\/\/ypjrojava.net\/index.php?rest_route=\/wp\/v2\/posts\/9294\/revisions"}],"predecessor-version":[{"id":9296,"href":"https:\/\/ypjrojava.net\/index.php?rest_route=\/wp\/v2\/posts\/9294\/revisions\/9296"}],"wp:featuredmedia":[{"embeddable":true,"href":"https:\/\/ypjrojava.net\/index.php?rest_route=\/wp\/v2\/media\/9295"}],"wp:attachment":[{"href":"https:\/\/ypjrojava.net\/index.php?rest_route=%2Fwp%2Fv2%2Fmedia&parent=9294"}],"wp:term":[{"taxonomy":"category","embeddable":true,"href":"https:\/\/ypjrojava.net\/index.php?rest_route=%2Fwp%2Fv2%2Fcategories&post=9294"},{"taxonomy":"post_tag","embeddable":true,"href":"https:\/\/ypjrojava.net\/index.php?rest_route=%2Fwp%2Fv2%2Ftags&post=9294"}],"curies":[{"name":"wp","href":"https:\/\/api.w.org\/{rel}","templated":true}]}}