{"id":9297,"date":"2019-10-13T10:49:10","date_gmt":"2019-10-13T10:49:10","guid":{"rendered":"https:\/\/ypjrojava.net\/?p=9297"},"modified":"2019-10-19T12:27:35","modified_gmt":"2019-10-19T12:27:35","slug":"berfirehiya-encamen-erisen-artesa-dagirker-a-tirk-li-ser-rojava-u-bakure-surye-12-e-cotmehe","status":"publish","type":"post","link":"https:\/\/ypjrojava.net\/?p=9297","title":{"rendered":"Ji \u00c7apemen\u00ee \u00db Raya Gi\u015ft\u00ee Re"},"content":{"rendered":"<p><strong>Berfirehiya Encam\u00ean \u00car\u00ee\u015f\u00ean Art\u00ea\u015fa Dagirker a Tirk Li Ser Rojava \u00fb Bakur\u00ea Sury\u00ea 12\u2019 \u00ea Cotmeh\u00ea<\/strong><\/p>\n<p><strong>SER\u00caKANIY\u00ca:<\/strong><\/p>\n<p>Ji seet\u00ean sibeh\u00ea z\u00fb ve art\u00ea\u015fa dagirker bi alikariya balefir \u00fb topan \u00ear\u00ee\u015f\u00ee Zorava \u00fb taxa Sina\u2019a kir. Di dibistana destp\u00eaka bajar de \u015fer derket \u00fb bi bersivday\u00eena \u015fervan\u00ean me ew \u00ear\u00ee\u015f hat \u015fikandin.<\/p>\n<p>Hewldana art\u00ea\u015fa dagirker a ketina tax\u00ea rojavay\u00ea bajar \u00fb qutkirina r\u00eaya Til Temir hat \u015fikandin.<\/p>\n<p>Herwiha li serans\u00ea bajar gi\u015ft\u00ee bi topan \u00fb balefir\u00ean \u015fer li \u00ear\u00ee\u015f p\u00eak t\u00ean. Di encama \u015fer\u00ean ku r\u00fb dan de 78 \u00e7etey\u00ean art\u00ea\u015fa dagirker hatin ku\u015ftin \u00fb 29 bir\u00eendar b\u00fbn, 7 BMB \u00fb 2 wesay\u00eet\u00ean do\u00e7ka hatin r\u00fbxandin. Di van pev\u00e7\u00fbnan de 22 \u015fervan\u00ean me \u015feh\u00eed ketin, 34 \u015fervan\u00ean me br\u00eendar b\u00fbn.<\/p>\n<p><strong>AM\u00dbD\u00ca:<\/strong><\/p>\n<p>Art\u00ea\u015fa dagirker bajar\u00ea Dirb\u00easiy\u00ea topebaran kir. Pev\u00e7\u00fbn di navbera \u015fervan\u00ean me \u00fb \u00e7eteyan de \u00e7\u00ea b\u00fb \u00fb di encam\u00ea de 5 \u00e7etey\u00ean dagirker hatin ku\u015ftin \u00fb 3 bir\u00eendar b\u00fbn .<\/p>\n<p><strong>QAMI\u015eLO :<\/strong><\/p>\n<p>Di roja 4\u2019em de seranser\u00ea bajar hate topbarankirin. Di encama \u00ear\u00ee\u015fan de li parka gel s\u00eev\u00eelek \u015feh\u00eed ket.<\/p>\n<p><strong>D\u00caRIK:<\/strong><\/p>\n<p>Di encama bersivdana heval\u00ean me de li gund\u00ea Bab\u00eel s\u00eelahek giran hate r\u00fbxandin. Herwiha di encama \u00eari\u015f\u00ean art\u00ea\u015fa dagirker de s\u00eev\u00eelek jiyana xwe ji dest da.<\/p>\n<p><strong>HESEK\u00ca:<\/strong><\/p>\n<p>Hewildan\u00ean \u015faney\u00ean ve\u015fart\u00ee bi \u00ear\u00ee\u015fa dagirkeriy\u00ea re z\u00eade b\u00fb \u00fb wesay\u00eetek bombebarkir\u00ee li k\u00ealeka deriye girt\u00eegeha \u00e7etey\u00ean DAI\u015e ya li taxa Xuw\u00earan xwe teqand.<\/p>\n<p><strong>KOBAN\u00ca:<\/strong><\/p>\n<p>Li ser \u00eari\u015feke ji baregehek dijmin, \u015fervan\u00ean me bi \u00e7alakiyek baregeha li hember Qultepe r\u00fbxandin. Li gund\u00ea Recm el-H\u00eelwa \u015fervanek me br\u00eendar b\u00fb.<\/p>\n<p><strong>GIR\u00ca SP\u00ce:<\/strong><\/p>\n<p>2 gund ji dagirkeriya \u00e7eteyan hate rizgarkirin. Heman deme b\u00ea navber bi hevkariya balefir\u00ean ke\u015ff\u00ea, top \u00fb balefir\u00ean \u015fer navenda bajar \u00fb dewr\u00fbber bi gi\u015ft\u00ee t\u00ea bombbaran kirin. \u015eer \u00fb pev\u00e7\u00fbn li seranser bajar berdewame. Di 11 meh\u00ea de 6 hevr\u00eay\u00ean me di encama \u00eari\u015fek heway\u00ee de \u015feh\u00eed ketin. \u00c7eteyan li ser r\u00eaya navdewlet\u00ee Hevr\u00een Xelef \u00fb hevalek w\u00ea \u015feh\u00eed xistin. Li ser bersivdana h\u00eaz\u00ean me her\u00eam ji \u00e7eteyan hate paqijkirin. Herwiha li her d\u00fb aliy\u00ean bajar, di \u00e7alakiy\u00ean h\u00eaz\u00ean me de 3 \u00e7ete, di encama \u00e7alakiyek sekvan\u00ee de j\u00ee le\u015fkerek hatin ku\u015ftin. Di encama \u00ear\u00ee\u015fa heway\u00ee ya li ser Mebr\u00fbka de 3 endam\u00ean asay\u00ee\u015f\u00ea \u015feh\u00eed ketin, endamek br\u00eendar b\u00fb \u00fb bi 3 endam\u00ean din re j\u00ee p\u00eawendiya me qut b\u00fb. D\u00eesa di encama \u00ear\u00ee\u015fa heway\u00ee de endamek asay\u00ee\u015f\u00ea \u015feh\u00eed ket. Bi gi\u015ft\u00ee di \u015fer\u00ea berxwedan\u00ea de 87 \u00e7ete hatin ku\u015ftin \u00fb 32 \u00e7ete br\u00eendar b\u00fbn<\/p>\n<p>31 \u015fervan\u00ean me \u015feh\u00eed ketin \u00fb 36 \u015fervan\u00ean me j\u00ee br\u00eendar b\u00fbn. Herwiha 4 s\u00eev\u00eel\u00ean ku Hevr\u00een Xelef j\u00ee di nav de ye \u015feh\u00eed ketin.<\/p>\n<p><strong>Navenda Ragihandina QSD<\/strong><\/p>\n<p><strong>13 Cotmeh 2019<\/strong><\/p>\n","protected":false},"excerpt":{"rendered":"<p>Berfirehiya Encam\u00ean \u00car\u00ee\u015f\u00ean Art\u00ea\u015fa Dagirker a Tirk Li Ser Rojava \u00fb Bakur\u00ea Sury\u00ea 12\u2019 \u00ea Cotmeh\u00ea SER\u00caKANIY\u00ca: Ji seet\u00ean sibeh\u00ea z\u00fb ve art\u00ea\u015fa dagirker bi alikariya balefir \u00fb topan \u00ear\u00ee\u015f\u00ee Zorava \u00fb taxa Sina\u2019a kir. Di dibistana destp\u00eaka bajar de \u015fer derket \u00fb bi bersivday\u00eena \u015fervan\u00ean me ew \u00ear\u00ee\u015f hat \u015fikandin. Hewldana art\u00ea\u015fa dagirker a [&hellip;]<\/p>\n","protected":false},"author":1,"featured_media":9536,"comment_status":"closed","ping_status":"closed","sticky":false,"template":"","format":"standard","meta":{"footnotes":""},"categories":[39],"tags":[],"class_list":{"0":"post-9297","1":"post","2":"type-post","3":"status-publish","4":"format-standard","5":"has-post-thumbnail","7":"category-daxuyani"},"_links":{"self":[{"href":"https:\/\/ypjrojava.net\/index.php?rest_route=\/wp\/v2\/posts\/9297","targetHints":{"allow":["GET"]}}],"collection":[{"href":"https:\/\/ypjrojava.net\/index.php?rest_route=\/wp\/v2\/posts"}],"about":[{"href":"https:\/\/ypjrojava.net\/index.php?rest_route=\/wp\/v2\/types\/post"}],"author":[{"embeddable":true,"href":"https:\/\/ypjrojava.net\/index.php?rest_route=\/wp\/v2\/users\/1"}],"replies":[{"embeddable":true,"href":"https:\/\/ypjrojava.net\/index.php?rest_route=%2Fwp%2Fv2%2Fcomments&post=9297"}],"version-history":[{"count":4,"href":"https:\/\/ypjrojava.net\/index.php?rest_route=\/wp\/v2\/posts\/9297\/revisions"}],"predecessor-version":[{"id":9548,"href":"https:\/\/ypjrojava.net\/index.php?rest_route=\/wp\/v2\/posts\/9297\/revisions\/9548"}],"wp:featuredmedia":[{"embeddable":true,"href":"https:\/\/ypjrojava.net\/index.php?rest_route=\/wp\/v2\/media\/9536"}],"wp:attachment":[{"href":"https:\/\/ypjrojava.net\/index.php?rest_route=%2Fwp%2Fv2%2Fmedia&parent=9297"}],"wp:term":[{"taxonomy":"category","embeddable":true,"href":"https:\/\/ypjrojava.net\/index.php?rest_route=%2Fwp%2Fv2%2Fcategories&post=9297"},{"taxonomy":"post_tag","embeddable":true,"href":"https:\/\/ypjrojava.net\/index.php?rest_route=%2Fwp%2Fv2%2Ftags&post=9297"}],"curies":[{"name":"wp","href":"https:\/\/api.w.org\/{rel}","templated":true}]}}