{"id":9315,"date":"2019-10-13T20:40:18","date_gmt":"2019-10-13T20:40:18","guid":{"rendered":"https:\/\/ypjrojava.net\/?p=9315"},"modified":"2019-10-13T21:23:30","modified_gmt":"2019-10-13T21:23:30","slug":"li-sere-kane-di-van-kilanda","status":"publish","type":"post","link":"https:\/\/ypjrojava.net\/?p=9315","title":{"rendered":"Li Ser\u00ea Kaniy\u00ea Di Van K\u00ealanda"},"content":{"rendered":"<p>Li Ser\u00ea kaniy\u00ea pi\u015ft\u00ee \u00ear\u00ee\u015fa dewleta dagirker ya li ser s\u00eev\u00eelan Bi belafiran. Di Van seat de \u015fer \u00fb pev\u00e7\u00fbn dijwar b\u00fbye, li hemu \u00e7eberan de \u015fervan\u00ean h\u00eaza parastin\u00ea bi feday\u00ee \u00fb fedakariyeke mezin \u00fb bi co\u015f, moral li heber\u00ee dewleta dagirker berxwedidin ku tax \u00fb bajar\u00ea Ser\u00ea kan\u00ee y\u00ea j\u00ee ve dagirkeriy\u00ea bipar\u00eaze<\/p>\n<p>Di hemen de ji belafir \u015fer \u00fb belafir\u00ean ke\u015ff\u00ea li ser bajar\u00ea Ser\u00ea kaniy\u00ea digere<\/p>\n<p>Navenda Ragihandina YPJ\u2019\u00ea<\/p>\n","protected":false},"excerpt":{"rendered":"<p>Li Ser\u00ea kaniy\u00ea pi\u015ft\u00ee \u00ear\u00ee\u015fa dewleta dagirker ya li ser s\u00eev\u00eelan Bi belafiran. Di Van seat de \u015fer \u00fb pev\u00e7\u00fbn dijwar b\u00fbye, li hemu \u00e7eberan de \u015fervan\u00ean h\u00eaza parastin\u00ea bi feday\u00ee \u00fb fedakariyeke mezin \u00fb bi co\u015f, moral li heber\u00ee dewleta dagirker berxwedidin ku tax \u00fb bajar\u00ea Ser\u00ea kan\u00ee y\u00ea j\u00ee ve dagirkeriy\u00ea bipar\u00eaze Di [&hellip;]<\/p>\n","protected":false},"author":1,"featured_media":9247,"comment_status":"closed","ping_status":"closed","sticky":false,"template":"","format":"standard","meta":{"footnotes":""},"categories":[38],"tags":[],"class_list":{"0":"post-9315","1":"post","2":"type-post","3":"status-publish","4":"format-standard","5":"has-post-thumbnail","7":"category-nuce"},"_links":{"self":[{"href":"https:\/\/ypjrojava.net\/index.php?rest_route=\/wp\/v2\/posts\/9315","targetHints":{"allow":["GET"]}}],"collection":[{"href":"https:\/\/ypjrojava.net\/index.php?rest_route=\/wp\/v2\/posts"}],"about":[{"href":"https:\/\/ypjrojava.net\/index.php?rest_route=\/wp\/v2\/types\/post"}],"author":[{"embeddable":true,"href":"https:\/\/ypjrojava.net\/index.php?rest_route=\/wp\/v2\/users\/1"}],"replies":[{"embeddable":true,"href":"https:\/\/ypjrojava.net\/index.php?rest_route=%2Fwp%2Fv2%2Fcomments&post=9315"}],"version-history":[{"count":7,"href":"https:\/\/ypjrojava.net\/index.php?rest_route=\/wp\/v2\/posts\/9315\/revisions"}],"predecessor-version":[{"id":9322,"href":"https:\/\/ypjrojava.net\/index.php?rest_route=\/wp\/v2\/posts\/9315\/revisions\/9322"}],"wp:featuredmedia":[{"embeddable":true,"href":"https:\/\/ypjrojava.net\/index.php?rest_route=\/wp\/v2\/media\/9247"}],"wp:attachment":[{"href":"https:\/\/ypjrojava.net\/index.php?rest_route=%2Fwp%2Fv2%2Fmedia&parent=9315"}],"wp:term":[{"taxonomy":"category","embeddable":true,"href":"https:\/\/ypjrojava.net\/index.php?rest_route=%2Fwp%2Fv2%2Fcategories&post=9315"},{"taxonomy":"post_tag","embeddable":true,"href":"https:\/\/ypjrojava.net\/index.php?rest_route=%2Fwp%2Fv2%2Ftags&post=9315"}],"curies":[{"name":"wp","href":"https:\/\/api.w.org\/{rel}","templated":true}]}}