{"id":9329,"date":"2019-10-14T03:47:23","date_gmt":"2019-10-14T03:47:23","guid":{"rendered":"https:\/\/ypjrojava.net\/?p=9329"},"modified":"2019-10-14T03:53:24","modified_gmt":"2019-10-14T03:53:24","slug":"li-serekaniye-berxwedana-diroki-didome","status":"publish","type":"post","link":"https:\/\/ypjrojava.net\/?p=9329","title":{"rendered":"Li Ser\u00eakaniy\u00ea Berxwedana D\u00eerok\u00ee Didome"},"content":{"rendered":"<p>&nbsp;<\/p>\n<p>Berxwedaniya Ser\u00eakaniy\u00ea kete roja 6 an. Pi\u015ft\u00ee ku dewleta Tirk komkujiya duh li hember\u00ee siv\u00eelan p\u00eak an\u00ee ev r\u00ea li ber h\u00earseke mezin ya \u015fervanan vekir. \u015eervan\u00ean ku di \u00e7eper\u00ean berxwedan\u00ea y\u00ea Ser\u00eakaniy\u00ea da ne. darben mezin li dewleta Tirk \u00fb \u00e7etey\u00ean w\u00ee dixin. Heya van seatan j\u00ee \u015fer \u00fb pev\u00e7\u00fbn\u00ean dijwar di hem\u00fb senger\u00ean ku \u015fervan\u00ean berxwed\u00ear li Ser\u00eakaniy\u00ea girtine de berdewame.<\/p>\n<p>&nbsp;<\/p>\n<p>Navenda Ragihandina YPJ&#8217;\u00ea<\/p>\n","protected":false},"excerpt":{"rendered":"<p>&nbsp; Berxwedaniya Ser\u00eakaniy\u00ea kete roja 6 an. Pi\u015ft\u00ee ku dewleta Tirk komkujiya duh li hember\u00ee siv\u00eelan p\u00eak an\u00ee ev r\u00ea li ber h\u00earseke mezin ya \u015fervanan vekir. \u015eervan\u00ean ku di \u00e7eper\u00ean berxwedan\u00ea y\u00ea Ser\u00eakaniy\u00ea da ne. darben mezin li dewleta Tirk \u00fb \u00e7etey\u00ean w\u00ee dixin. Heya van seatan j\u00ee \u015fer \u00fb pev\u00e7\u00fbn\u00ean dijwar di hem\u00fb [&hellip;]<\/p>\n","protected":false},"author":1,"featured_media":9330,"comment_status":"closed","ping_status":"closed","sticky":false,"template":"","format":"standard","meta":{"footnotes":""},"categories":[38],"tags":[],"class_list":{"0":"post-9329","1":"post","2":"type-post","3":"status-publish","4":"format-standard","5":"has-post-thumbnail","7":"category-nuce"},"_links":{"self":[{"href":"https:\/\/ypjrojava.net\/index.php?rest_route=\/wp\/v2\/posts\/9329","targetHints":{"allow":["GET"]}}],"collection":[{"href":"https:\/\/ypjrojava.net\/index.php?rest_route=\/wp\/v2\/posts"}],"about":[{"href":"https:\/\/ypjrojava.net\/index.php?rest_route=\/wp\/v2\/types\/post"}],"author":[{"embeddable":true,"href":"https:\/\/ypjrojava.net\/index.php?rest_route=\/wp\/v2\/users\/1"}],"replies":[{"embeddable":true,"href":"https:\/\/ypjrojava.net\/index.php?rest_route=%2Fwp%2Fv2%2Fcomments&post=9329"}],"version-history":[{"count":1,"href":"https:\/\/ypjrojava.net\/index.php?rest_route=\/wp\/v2\/posts\/9329\/revisions"}],"predecessor-version":[{"id":9331,"href":"https:\/\/ypjrojava.net\/index.php?rest_route=\/wp\/v2\/posts\/9329\/revisions\/9331"}],"wp:featuredmedia":[{"embeddable":true,"href":"https:\/\/ypjrojava.net\/index.php?rest_route=\/wp\/v2\/media\/9330"}],"wp:attachment":[{"href":"https:\/\/ypjrojava.net\/index.php?rest_route=%2Fwp%2Fv2%2Fmedia&parent=9329"}],"wp:term":[{"taxonomy":"category","embeddable":true,"href":"https:\/\/ypjrojava.net\/index.php?rest_route=%2Fwp%2Fv2%2Fcategories&post=9329"},{"taxonomy":"post_tag","embeddable":true,"href":"https:\/\/ypjrojava.net\/index.php?rest_route=%2Fwp%2Fv2%2Ftags&post=9329"}],"curies":[{"name":"wp","href":"https:\/\/api.w.org\/{rel}","templated":true}]}}