{"id":9338,"date":"2019-10-14T09:30:46","date_gmt":"2019-10-14T09:30:46","guid":{"rendered":"https:\/\/ypjrojava.net\/?p=9338"},"modified":"2022-07-21T10:05:39","modified_gmt":"2022-07-21T10:05:39","slug":"pengava-cenga-rojava-li-bajare-serekaniye","status":"publish","type":"post","link":"https:\/\/ypjrojava.net\/?p=9338","title":{"rendered":"P\u00eangava Cenga Rojava Li bajar\u00ea Ser\u00eakaniy\u00ea"},"content":{"rendered":"<p>P\u00eangava cenga Rojava li bajar\u00ea Ser\u00eakaniy\u00ea di roja \u015fe\u015fem\u00een de bi berxwedaniyeke d\u00eerok\u00ee ve berdewam dike. Li eniy\u00ean Rojhilat \u00fb Rojavay\u00ea baj\u00ear, her wiha li xeta s\u00eenor bi xwe j\u00ee \u015fer \u00fb pev\u00e7\u00fbn\u00ea pir dijwar t\u00ea jiyankirin. \u015eervan bi fedekar\u00ee \u00fb lehengiyeke mezin bersiv didin \u00ear\u00ee\u015f\u00ean art\u00ea\u015fa Tirk a dagirker. \u00cero di seat 11:30 de \u015fervan\u00ean YPJ \u00fb QSD li hember\u00ee komeke \u00e7ete \u00fb le\u015fker\u00ean art\u00ea\u015fa Tirk a dagirker bi \u00e7ek\u00ean giran \u00e7alakiyek li darxistin. Di encam\u00ea de gelek ku\u015ft\u00ee \u00fb bir\u00eendar\u00ean dijmin \u00e7\u00eab\u00fbn, l\u00ea hejmar nay\u00ea zan\u00een. N\u00fb\u00e7egihana Navenda Ragihandina YPJ&#8217;\u00ea d\u00eemen\u00ean v\u00ea \u00e7alakiy\u00ea girt. Em j\u00ee v\u00ea d\u00eemena d\u00eerok\u00ee a ku yek ji resm\u00ean berxwedana d\u00eerok\u00ee a bajar\u00ea Ser\u00eakaniy\u00ea ye bi we re parve dikin.<\/p>\n<p>Navenda Ragihandina YPJ<br \/>\n14 Cotmeh 2019<br \/>\nBajar\u00ea berxwed\u00ear Ser\u00eakaniy\u00ea<\/p>\n<p>&nbsp;<\/p>\n<p><iframe loading=\"lazy\" title=\"P\u00eangava Cenga Rojava Li Bajar\u00ea Ser\u00eakaniy\u00ea \u00c7alakiya YPJ - QSD\" width=\"696\" height=\"392\" src=\"https:\/\/www.youtube.com\/embed\/SqKhZEmYHJQ?feature=oembed\" frameborder=\"0\" allow=\"accelerometer; autoplay; clipboard-write; encrypted-media; gyroscope; picture-in-picture; web-share\" referrerpolicy=\"strict-origin-when-cross-origin\" allowfullscreen><\/iframe><\/p>\n","protected":false},"excerpt":{"rendered":"<p>P\u00eangava cenga Rojava li bajar\u00ea Ser\u00eakaniy\u00ea di roja \u015fe\u015fem\u00een de bi berxwedaniyeke d\u00eerok\u00ee ve berdewam dike. Li eniy\u00ean Rojhilat \u00fb Rojavay\u00ea baj\u00ear, her wiha li xeta s\u00eenor bi xwe j\u00ee \u015fer \u00fb pev\u00e7\u00fbn\u00ea pir dijwar t\u00ea jiyankirin. \u015eervan bi fedekar\u00ee \u00fb lehengiyeke mezin bersiv didin \u00ear\u00ee\u015f\u00ean art\u00ea\u015fa Tirk a dagirker. \u00cero di seat 11:30 de [&hellip;]<\/p>\n","protected":false},"author":1,"featured_media":14855,"comment_status":"closed","ping_status":"closed","sticky":false,"template":"","format":"standard","meta":{"footnotes":""},"categories":[38],"tags":[],"class_list":{"0":"post-9338","1":"post","2":"type-post","3":"status-publish","4":"format-standard","5":"has-post-thumbnail","7":"category-nuce"},"_links":{"self":[{"href":"https:\/\/ypjrojava.net\/index.php?rest_route=\/wp\/v2\/posts\/9338","targetHints":{"allow":["GET"]}}],"collection":[{"href":"https:\/\/ypjrojava.net\/index.php?rest_route=\/wp\/v2\/posts"}],"about":[{"href":"https:\/\/ypjrojava.net\/index.php?rest_route=\/wp\/v2\/types\/post"}],"author":[{"embeddable":true,"href":"https:\/\/ypjrojava.net\/index.php?rest_route=\/wp\/v2\/users\/1"}],"replies":[{"embeddable":true,"href":"https:\/\/ypjrojava.net\/index.php?rest_route=%2Fwp%2Fv2%2Fcomments&post=9338"}],"version-history":[{"count":3,"href":"https:\/\/ypjrojava.net\/index.php?rest_route=\/wp\/v2\/posts\/9338\/revisions"}],"predecessor-version":[{"id":14856,"href":"https:\/\/ypjrojava.net\/index.php?rest_route=\/wp\/v2\/posts\/9338\/revisions\/14856"}],"wp:featuredmedia":[{"embeddable":true,"href":"https:\/\/ypjrojava.net\/index.php?rest_route=\/wp\/v2\/media\/14855"}],"wp:attachment":[{"href":"https:\/\/ypjrojava.net\/index.php?rest_route=%2Fwp%2Fv2%2Fmedia&parent=9338"}],"wp:term":[{"taxonomy":"category","embeddable":true,"href":"https:\/\/ypjrojava.net\/index.php?rest_route=%2Fwp%2Fv2%2Fcategories&post=9338"},{"taxonomy":"post_tag","embeddable":true,"href":"https:\/\/ypjrojava.net\/index.php?rest_route=%2Fwp%2Fv2%2Ftags&post=9338"}],"curies":[{"name":"wp","href":"https:\/\/api.w.org\/{rel}","templated":true}]}}