{"id":9348,"date":"2019-10-14T15:16:18","date_gmt":"2019-10-14T15:16:18","guid":{"rendered":"https:\/\/ypjrojava.net\/?p=9348"},"modified":"2022-06-22T06:16:49","modified_gmt":"2022-06-22T06:16:49","slug":"ji-capemeni-u-raya-gisti-re-2","status":"publish","type":"post","link":"https:\/\/ypjrojava.net\/?p=9348","title":{"rendered":"Ji \u00c7apemen\u00ee \u00db Raya Gi\u015ft\u00ee Re"},"content":{"rendered":"<p class=\"BodyA\"><b>Encam\u00ean \u00ear\u00ee\u015f\u00ean art\u00ea\u015fa Tirk a dagirker a li ser xaka rojavay\u00ea Kurdistan\u00ea \u00fb bak\u00fbr\u00ea S\u00fbriy\u00ea a y\u00ean 13 Cotmeh\u00ea.<\/b><\/p>\n<p class=\"BodyA\"><strong>Gir\u00ea Sp\u00ee:<\/strong><\/p>\n<p class=\"BodyA\">Art\u00ea\u015fa Tirk a dagirker \u00fb \u00e7etey\u00ean gir\u00eaday\u00ee w\u00ea di d\u00eeroka 13\u00ea meh\u00ea bajar\u00ea Gir\u00ea Sp\u00ee bi top \u00fb balafiran bi awayek dijwar bombebaran kir. Seet\u00ean sibeh\u00ea de, pi\u015ft\u00ee bombebarana b\u00ea ser\u00fbber, art\u00ea\u015fa dagirker tev\u00ee bi hezaran \u00e7etey\u00ean xwe ji 2 milan ve \u00ear\u00ee\u015f\u00ea bajar kirin. Pi\u015ft\u00ee pev\u00e7\u00fbn\u00ean giran \u00fb \u00ear\u00ee\u015f\u00ean heway\u00ee y\u00ean b\u00ea ser\u00fbber hejmarek j\u0131 \u00e7etey\u00ean art\u00ea\u015fa dagirker a Tirk hatin ku\u015ftin. Di nav pev\u00e7\u00fbnan de ji ber tevgera b\u00eanavber a balafir\u00ean b\u00ea mirov, p\u00eawendiya me bi hejmarek heval\u00ean me re qut b\u00fb. D\u00eesa di seet\u00ean sibeh\u00ea de \u00e7etey\u00ean art\u00ea\u015fa dagirker hewl dan bi pi\u015ftgiriya \u015faney\u00ean xwe y\u00ean ve\u015fart\u00ee xwe berdin ser r\u00eaya navdewlet\u00ee. Di encama \u00ear\u00ee\u015fan de di kampa Eyn \u0130sa ya ku bi sedan \u00e7etey\u00ean DAI\u015e\u00ea \u00fb malbat\u00ean wan t\u00ea de ne rew\u015feke aloz derket \u00fb bi sedan \u00e7ete ji kamp\u00ea reviyan.<\/p>\n<p class=\"BodyA\"><strong>Sil\u00fbk:<\/strong><\/p>\n<p class=\"BodyA\">Di seet\u00ean n\u00eevro de art\u00ea\u015fa Tirk a dagirker pi\u015ft\u00ee bombebaraneke giran, bi tank \u00fb panzeran \u00eari\u015f bire ser bajaroka Sil\u00fbk\u00ea. Di nav bajarok de demek dir\u00eaj pev\u00e7\u00fbn\u00ean giran qewim\u00een. Herwiha h\u00eaz\u00ean me li dij\u00ee kom\u00ean \u00e7ete y\u00ean ku dixwestin di her\u00eama Nestel\u00ea de p\u00ea\u015f bikevin \u00e7alakiyek p\u00eak an\u00een, di encama \u00e7alakiy\u00ea de ev \u00e7ete pa\u015f de reviyan. Pi\u015ft\u00ee \u00e7alakiy\u00ea her\u00eam bi balafir\u00ean \u015fer \u00fb topan bi awayek dijwar hat topbarankirin. H\u00eaz\u00ean me di seetan de li dij\u00ee \u00e7etey\u00ean ku dixwestin xwe di gund\u00ea Sik\u00eariy\u00ea de bi c\u00eeh bikin \u00e7alakiyek p\u00eak an\u00een. D\u00eesa li dij\u00ee konboyek zirx\u00ee ya \u00e7eteyan \u00e7alakiyek hate li dar xistin. Di encama her d\u00fb \u00e7alakiyan de her\u00ee k\u00eam 10 \u00e7etey\u00ean dewleta dagirker hatin ku\u015ftin, 3 panzer hatin \u00eemhakirin \u00fb 3 \u00e7ek\u00ean AK-47 ketin dest\u00ea h\u00eaz\u00ean me. Herwiha di encama k\u00eamina \u00e7etey\u00ean dagirker de amb\u00fblansek ku dixwest br\u00eendar\u00ean s\u00eev\u00eel ji her\u00eam\u00ea derxe hate revandin \u00fb tu agah\u00ee ji xebatkar\u00ean w\u00ea nehatin girtin.<\/p>\n<p class=\"BodyA\"><strong>D\u00earik:<\/strong><\/p>\n<p class=\"BodyA\">Art\u00ea\u015fa Tirk a dagirker, di bin tevgera b\u00eanavber a balafir\u00ean ke\u015ff\u00ea \u00fb y\u00ean \u015fer gund\u00ean Xirabre\u015fk\u00ea, Birk\u00ea \u00fb Rihanik topbaran kirin \u00fb di encam de 3 s\u00eev\u00eel \u015feh\u00eed ketin. Herwek\u00ee din h\u00eaz\u00ean me li dij\u00ee seyare \u00fb baregeh\u00ean art\u00ea\u015fa dagirker \u00e7alakiy\u00ean bi bandor p\u00eak an\u00een. Di enama \u00e7alakiyan de ajan\u00ean MIT\u00ea j\u00ee di nav de bi k\u00eaman\u00ee 3 \u00e7ete hatin ku\u015ftin, seyareyek hate \u00eemhakirin.<\/p>\n<p class=\"BodyA\"><strong>Am\u00fbd\u00ea:<\/strong><\/p>\n<p class=\"BodyA\">Art\u00ea\u015fa Tirk a dagirker gund\u00ean bajar\u00ea Am\u00fbd\u00ea Erada \u00fb gundewar\u00ean Dirbesiy\u00ea topbaran kir. H\u00eaz\u00ean me bi heman away\u00ee bersiv dan \u00ear\u00ee\u015fan.<\/p>\n<p class=\"BodyA\"><strong>Ser\u00eakaniy\u00ea:<\/strong><\/p>\n<p class=\"BodyA\">H\u00eaz\u00ean me di seet\u00ean sibeh\u00ea de bi \u00e7alakiyek bi bandor taxa Sina\u2019a ji \u00e7eteyan paqijkirin. Di \u00e7alakiy\u00ea de 8 \u00e7ete hatin ku\u015ftin. Herwiha hewldan\u00ean art\u00ea\u015fa dagirker a p\u00ea\u015f de hatin\u00ea li ser deriy\u00ea s\u00eenor \u00fb ji aliy\u00ea gund\u00ea Til Xelef ve hate vala derxistin. Di seet\u00ean ber \u00eavar\u00ea de konvoyeke gel\u00ea s\u00eev\u00eel ku bi armanca pi\u015ftgiriy\u00ea di\u00e7\u00fb her\u00eame, ji aliy\u00ea art\u00ea\u015fa dagirker ve hate hedef girtin. Di \u00ear\u00ee\u015fa ku bi balafir\u00ean ke\u015ff\u00ea hate p\u00eak an\u00een de 12 s\u00eev\u00eel \u015feh\u00eed ketin, 64 kes j\u00ee br\u00eendar b\u00fbn. Di encama berxwedana h\u00eaz\u00ean me di nav bajar de, 62 \u00e7ete \u00fb le\u015fker hatin ku\u015ftin, 28 br\u00eendar b\u00fbn. Herwiha 3 ma\u015f\u00eeney\u00ean kar \u00fb panzerek j\u00ee hate r\u00fbxandin. Herwiha 14 r\u00eaheval\u00ean me j\u00ee di berxwedan\u00ea \u015feh\u00eed ketin, 58 heval\u00ean me br\u00eendar b\u00fbn.<\/p>\n<p class=\"BodyA\"><strong>Koban\u00ee:<\/strong><\/p>\n<p class=\"BodyA\">H\u00eaz\u00ean me li hember baregeha Siftik\u00ea \u00fb le\u015fker\u00ean li ser deriy\u00ea s\u00eenor 2 \u00e7alakiy\u00ean sekvan\u00ee p\u00eak an\u00een. Di encama \u00e7alakiyan de 3 le\u015fker\u00ean dagirker hatin ku\u015ftin. Art\u00ea\u015fa dagirker her\u00eam\u00ea bi awayek dijwar topbaran kir.<\/p>\n<p class=\"BodyA\">Di encama berxwedan, pev\u00e7\u00fbn \u00fb bombebarana dijwar de bi gi\u015ft\u00ee 20 heval\u00ean me \u00fb 15 s\u00eev\u00eel \u015feh\u00eed ketin, 58 heval\u00ean me \u00fb 64 s\u00eev\u00eel br\u00eendar b\u00fbn. 78 \u00e7ete \u00fb le\u015fker\u00ean art\u00ea\u015fa dagirker hatin ku\u015ftin \u00fb 28 j\u00ee hatin br\u00eendarkirin.<\/p>\n<p class=\"BodyA\"><b>Navenda Ragihandina QSD<\/b><\/p>\n<p class=\"BodyA\"><b>14 Cotmeh 2019<\/b><\/p>\n","protected":false},"excerpt":{"rendered":"<p>Encam\u00ean \u00ear\u00ee\u015f\u00ean art\u00ea\u015fa Tirk a dagirker a li ser xaka rojavay\u00ea Kurdistan\u00ea \u00fb bak\u00fbr\u00ea S\u00fbriy\u00ea a y\u00ean 13 Cotmeh\u00ea. Gir\u00ea Sp\u00ee: Art\u00ea\u015fa Tirk a dagirker \u00fb \u00e7etey\u00ean gir\u00eaday\u00ee w\u00ea di d\u00eeroka 13\u00ea meh\u00ea bajar\u00ea Gir\u00ea Sp\u00ee bi top \u00fb balafiran bi awayek dijwar bombebaran kir. Seet\u00ean sibeh\u00ea de, pi\u015ft\u00ee bombebarana b\u00ea ser\u00fbber, art\u00ea\u015fa dagirker tev\u00ee [&hellip;]<\/p>\n","protected":false},"author":1,"featured_media":14194,"comment_status":"closed","ping_status":"closed","sticky":false,"template":"","format":"standard","meta":{"footnotes":""},"categories":[39],"tags":[],"class_list":{"0":"post-9348","1":"post","2":"type-post","3":"status-publish","4":"format-standard","5":"has-post-thumbnail","7":"category-daxuyani"},"_links":{"self":[{"href":"https:\/\/ypjrojava.net\/index.php?rest_route=\/wp\/v2\/posts\/9348","targetHints":{"allow":["GET"]}}],"collection":[{"href":"https:\/\/ypjrojava.net\/index.php?rest_route=\/wp\/v2\/posts"}],"about":[{"href":"https:\/\/ypjrojava.net\/index.php?rest_route=\/wp\/v2\/types\/post"}],"author":[{"embeddable":true,"href":"https:\/\/ypjrojava.net\/index.php?rest_route=\/wp\/v2\/users\/1"}],"replies":[{"embeddable":true,"href":"https:\/\/ypjrojava.net\/index.php?rest_route=%2Fwp%2Fv2%2Fcomments&post=9348"}],"version-history":[{"count":3,"href":"https:\/\/ypjrojava.net\/index.php?rest_route=\/wp\/v2\/posts\/9348\/revisions"}],"predecessor-version":[{"id":9547,"href":"https:\/\/ypjrojava.net\/index.php?rest_route=\/wp\/v2\/posts\/9348\/revisions\/9547"}],"wp:featuredmedia":[{"embeddable":true,"href":"https:\/\/ypjrojava.net\/index.php?rest_route=\/wp\/v2\/media\/14194"}],"wp:attachment":[{"href":"https:\/\/ypjrojava.net\/index.php?rest_route=%2Fwp%2Fv2%2Fmedia&parent=9348"}],"wp:term":[{"taxonomy":"category","embeddable":true,"href":"https:\/\/ypjrojava.net\/index.php?rest_route=%2Fwp%2Fv2%2Fcategories&post=9348"},{"taxonomy":"post_tag","embeddable":true,"href":"https:\/\/ypjrojava.net\/index.php?rest_route=%2Fwp%2Fv2%2Ftags&post=9348"}],"curies":[{"name":"wp","href":"https:\/\/api.w.org\/{rel}","templated":true}]}}