{"id":9367,"date":"2019-10-15T08:32:28","date_gmt":"2019-10-15T08:32:28","guid":{"rendered":"https:\/\/ypjrojava.net\/?p=9367"},"modified":"2022-07-21T07:58:11","modified_gmt":"2022-07-21T07:58:11","slug":"ji-ypg-ypj-neba-ye-we-dais-bibuya-bela-sere-hemu-cihan-e","status":"publish","type":"post","link":"https:\/\/ypjrojava.net\/?p=9367","title":{"rendered":"Ji YPG-YPJ Neba Ye W\u00ea DAI\u015e Bib\u00fbya Bela Ser\u00ea Hem\u00fb C\u00eehan \u00ea"},"content":{"rendered":"<p><strong>\u00a0\u00a0\u00a0\u00a0\u00a0\u00a0\u00a0\u00a0\u00a0\u00a0\u00a0\u00a0\u00a0\u00a0\u00a0\u00a0\u00a0\u00a0\u00a0\u00a0\u00a0\u00a0\u00a0\u00a0\u00a0\u00a0\u00a0\u00a0\u00a0\u00a0\u00a0\u00a0\u00a0\u00a0\u00a0\u00a0\u00a0\u00a0\u00a0\u00a0\u00a0\u00a0\u00a0\u00a0\u00a0\u00a0\u00a0\u00a0\u00a0\u00a0 <\/strong><\/p>\n<p>Dayik\u00ean Tirbesipiy\u00ea, y\u00ean ku di 13&#8217;\u00ea Cotmeh\u00ea de tev\u00ee gel\u00ea Qami\u015flo, Hol\u00ea, Tiltemir, D\u00ear\u00eek \u00fb Hesek\u00ea bi konvuyeke xwestin bi\u00e7in Ser\u00eakaniy\u00ea ji aliy\u00ea dewleta Tirk ve hatin topbaran kirin. Day\u00eek\u00ean bir\u00eendar h\u00earsa xwe li hember\u00ee dewleta Tirk \u00fb \u00e7etey\u00ean w\u00ee wiha an\u00ee ziman.<\/p>\n<p>Dayika bi nav\u00ea Caziya His\u00ean diyar kir ku: &#8220;Heta em saxbin \u00fb damar\u00ea xw\u00eena me hebe em\u00ea li pey \u015fervan \u00fb doza xwe bin \u00fb tu kes nikare h\u00eaza me bin bixe \u00fb me ji welat\u00ea me derbix\u00eanin. Me \u00a0welat\u00ea tu kes\u00ee dagir nekiriye, em parastina walat\u00ea xwe dikin.&#8221;<\/p>\n<p>Dayika Egid j\u00ee di derbar\u00ea eri\u015f\u00ean dewleta Tirk da wiha got: &#8221; Em weke \u00eensan\u00ean siv\u00eel ji bo a\u015f\u00eet\u00ee \u00fb aramiy\u00ea \u00e7\u00fbb\u00fbn Ser\u00eakaniy\u00ea, ne ji bo\u00a0 \u015fer \u00fb pev\u00e7\u00fbn\u00ea. Em nizanin dewleta Tirk \u00fb Erdoxan ji me \u00e7i dixwaze? Ev \u00ear\u00ee\u015f\u00ean hey\u00ee li cihek dinbaya w\u00ea hem\u00fb dinya bertek n\u00ee\u015fan bida, l\u00ea \u00e7ima \u00eero kesek ji bo gel\u00ea Kurd, li hember\u00ee v\u00ea dagirkeriy\u00ea deng nake.\u00a0 Ji YPG\/YPJ neba ye w\u00ea DAI\u015e bib\u00fbya bela ser\u00ea hem\u00fb cihan \u00ea.&#8221;<\/p>\n<p><strong>Navenda Ragihandina YPJ<\/strong><\/p>\n<p><strong>15.10.2019<\/strong><\/p>\n<p>&nbsp;<\/p>\n<p><iframe loading=\"lazy\" title=\"Ji YPG-YPJ Neba Ye W\u00ea DAI\u015e Bib\u00fbya Bela Ser\u00ea Hem\u00fb Cihan \u00ea\" width=\"696\" height=\"392\" src=\"https:\/\/www.youtube.com\/embed\/s1ZDE6-Cf68?feature=oembed\" frameborder=\"0\" allow=\"accelerometer; autoplay; clipboard-write; encrypted-media; gyroscope; picture-in-picture; web-share\" referrerpolicy=\"strict-origin-when-cross-origin\" allowfullscreen><\/iframe><\/p>\n<p>&nbsp;<\/p>\n","protected":false},"excerpt":{"rendered":"<p>\u00a0\u00a0\u00a0\u00a0\u00a0\u00a0\u00a0\u00a0\u00a0\u00a0\u00a0\u00a0\u00a0\u00a0\u00a0\u00a0\u00a0\u00a0\u00a0\u00a0\u00a0\u00a0\u00a0\u00a0\u00a0\u00a0\u00a0\u00a0\u00a0\u00a0\u00a0\u00a0\u00a0\u00a0\u00a0\u00a0\u00a0\u00a0\u00a0\u00a0\u00a0\u00a0\u00a0\u00a0\u00a0\u00a0\u00a0\u00a0\u00a0\u00a0 Dayik\u00ean Tirbesipiy\u00ea, y\u00ean ku di 13&#8217;\u00ea Cotmeh\u00ea de tev\u00ee gel\u00ea Qami\u015flo, Hol\u00ea, Tiltemir, D\u00ear\u00eek \u00fb Hesek\u00ea bi konvuyeke xwestin bi\u00e7in Ser\u00eakaniy\u00ea ji aliy\u00ea dewleta Tirk ve hatin topbaran kirin. Day\u00eek\u00ean bir\u00eendar h\u00earsa xwe li hember\u00ee dewleta Tirk \u00fb \u00e7etey\u00ean w\u00ee wiha an\u00ee ziman. Dayika bi nav\u00ea Caziya His\u00ean diyar kir ku: &#8220;Heta em saxbin [&hellip;]<\/p>\n","protected":false},"author":1,"featured_media":14848,"comment_status":"closed","ping_status":"closed","sticky":false,"template":"","format":"standard","meta":{"footnotes":""},"categories":[38],"tags":[],"class_list":{"0":"post-9367","1":"post","2":"type-post","3":"status-publish","4":"format-standard","5":"has-post-thumbnail","7":"category-nuce"},"_links":{"self":[{"href":"https:\/\/ypjrojava.net\/index.php?rest_route=\/wp\/v2\/posts\/9367","targetHints":{"allow":["GET"]}}],"collection":[{"href":"https:\/\/ypjrojava.net\/index.php?rest_route=\/wp\/v2\/posts"}],"about":[{"href":"https:\/\/ypjrojava.net\/index.php?rest_route=\/wp\/v2\/types\/post"}],"author":[{"embeddable":true,"href":"https:\/\/ypjrojava.net\/index.php?rest_route=\/wp\/v2\/users\/1"}],"replies":[{"embeddable":true,"href":"https:\/\/ypjrojava.net\/index.php?rest_route=%2Fwp%2Fv2%2Fcomments&post=9367"}],"version-history":[{"count":3,"href":"https:\/\/ypjrojava.net\/index.php?rest_route=\/wp\/v2\/posts\/9367\/revisions"}],"predecessor-version":[{"id":14849,"href":"https:\/\/ypjrojava.net\/index.php?rest_route=\/wp\/v2\/posts\/9367\/revisions\/14849"}],"wp:featuredmedia":[{"embeddable":true,"href":"https:\/\/ypjrojava.net\/index.php?rest_route=\/wp\/v2\/media\/14848"}],"wp:attachment":[{"href":"https:\/\/ypjrojava.net\/index.php?rest_route=%2Fwp%2Fv2%2Fmedia&parent=9367"}],"wp:term":[{"taxonomy":"category","embeddable":true,"href":"https:\/\/ypjrojava.net\/index.php?rest_route=%2Fwp%2Fv2%2Fcategories&post=9367"},{"taxonomy":"post_tag","embeddable":true,"href":"https:\/\/ypjrojava.net\/index.php?rest_route=%2Fwp%2Fv2%2Ftags&post=9367"}],"curies":[{"name":"wp","href":"https:\/\/api.w.org\/{rel}","templated":true}]}}