{"id":9375,"date":"2019-10-15T11:09:17","date_gmt":"2019-10-15T11:09:17","guid":{"rendered":"https:\/\/ypjrojava.net\/?p=9375"},"modified":"2022-06-22T06:17:50","modified_gmt":"2022-06-22T06:17:50","slug":"ji-capemeni-u-raya-gisti-re-3","status":"publish","type":"post","link":"https:\/\/ypjrojava.net\/?p=9375","title":{"rendered":"Ji \u00c7apemen\u00ee \u00db Raya Gi\u015ft\u00ee Re"},"content":{"rendered":"<p><strong>Encam\u00ean \u00ear\u00ee\u015f\u00ean art\u00ea\u015fa Tirk a dagirker li ser xaka Rojavay\u00ea Kurdistan \u00fb Bakur\u00ea Suriy\u00ea y\u00ean 14\u00ea Cotmeh\u00ea<\/strong><\/p>\n<p>\u00car\u00ee\u015f\u00ean dagirkeriy\u00ea y\u00ean art\u00ea\u015fa dagirker \u00fb \u00e7etey\u00ean w\u00ea li Bakur\u00ea Sury\u00ea \u00fb Rojvay\u00ea Kurdistan\u00ea berdewam dike.<\/p>\n<p>Di \u00e7ar\u00e7oveya Berxwedana Cenga Rojava de:<\/p>\n<p><strong>ENIYA SER\u00caKANIY\u00ca<\/strong><\/p>\n<p>Li xeta Alya, \u00eaniya Rojava \u00fb \u00eaniya Rojhilat de \u015fer bi dijwar\u00ee berdewam kir. Art\u00ea\u015fa dagirker bi \u00ear\u00ee\u015f\u00ean heway\u00ee, top \u00fb tankan xwest p\u00ea\u015f bikeve. Di encama \u015fer\u00ean dijwar de tangek, 2 panz\u00ear \u00fb 2 wesay\u00eet\u00ean do\u00e7ka hatin r\u00fbxandin; 59 \u00e7ete hatin ku\u015ftin.<\/p>\n<p>Di encama berxwedan\u00ea de 11 \u015fervan\u00ean me \u015feh\u00eed b\u00fbn \u00fb 24 ji bir\u00eendar b\u00fbn.<\/p>\n<p><strong>ENIYA G\u0130R\u00ca SP\u00ce<\/strong><\/p>\n<p>Ji dan\u00ea beyan\u00ee ve dema balefir\u00ean ke\u015ff\u00ea li ser tevah\u00ee her\u00eam\u00ea tevger dikir, ji aliy\u00ea balefir\u00ean \u015fer ve j\u00ee dihat bombebaran kirin. Li hember \u00e7eteyan li hermaz\u00ee Tirwaz\u00ee \u00fb r\u00eaya gi\u015ft\u00ee \u015ferek giran qewim\u00ee. Di encama pev\u00e7\u00fbn\u00ean dijwar de panzerek, tangek \u00fb wesay\u00eetek zirx\u00ee hat r\u00fbxandin \u00fb 38 \u00e7ete hatin ku\u015ftin.<\/p>\n<p>Herwiha di \u015fer\u00ean giran de 7 \u015fervan\u00ean me \u015feh\u00eed b\u00fbn \u00fb 15 heval\u00ean me j\u00ee br\u00eendar bun.<\/p>\n<ul>\n<li>Di xeta Sl\u00fbk\u00ea de di l\u00eadana balefir\u00ean \u015fer de 4 \u015fervan\u00ea me \u015feh\u00eed b\u00fbn.<\/li>\n<li>Di r\u00eaya navbera Eyn \u00cesa \u00fb \u00c7eleb\u00ee de \u00e7etey\u00ean ku xwastin bikevin hundir beramberi bersivdayina \u015fervan\u00ean me de 4 \u00e7ete hatin ku\u015ftin \u00fb \u015fervanek me \u015fehid bu.<\/li>\n<\/ul>\n<p><strong>ENIYA DIRB\u00caSIY\u00ca<\/strong><\/p>\n<p>Art\u00ea\u015fa dagirker bi top \u00fb \u00e7eken giran bajar dan ber topan. Di encama bersivday\u00eena \u015fervan\u00ean me de 2 le\u015fker hatin ku\u015ftin, 4 j\u00ee bir\u00eendar bun.<\/p>\n<p><strong>ENIYA D\u00caRIK<\/strong><\/p>\n<p>Gund\u00ea Xirba Belka a ser bi Girk\u00ealeg\u00ea ji aliy\u00ea dewleta dagirker ve hat topbaran kirin. Herwiha li k\u00ealeka w\u00ea balefir\u00ean \u015fer \u00fb y\u00ean ke\u015ffe li seranser bajar\u00ean li ser s\u00eenor\u00ea Rojavay\u00ea Kurdistan\u00ea tevger kirin.<\/p>\n<p>Bi gi\u015ft\u00ee di tevahiya \u015fer \u00fb pev\u00e7\u00fbn\u00ean roja 14\u00ea Cotmeh\u00ea de 103 \u00e7etey\u00ean art\u00ea\u015fa dagirker a Tirk hatine ku\u015ftin, bi dehan bir\u00eendar bun. 2 Tang, 2 panz\u00ear, 2 wesay\u00eet\u00ean do\u00e7kabarkir\u00ee \u00fb wesay\u00eetek zirx\u00ee j\u00ee hatiye r\u00fbxandin.<\/p>\n<p>Di nav v\u00ea berxwedan\u00ea de 23 heval\u00ean me bi leheng\u00ee \u015fer kirin \u00fb \u015feh\u00eed b\u00fbn, 39 j\u00ee br\u00eendar b\u00fbn.<\/p>\n<p><strong>Navenda Ragihandina QSD<\/strong><\/p>\n<p><strong>15 Cotmeha 2019<\/strong><\/p>\n","protected":false},"excerpt":{"rendered":"<p>Encam\u00ean \u00ear\u00ee\u015f\u00ean art\u00ea\u015fa Tirk a dagirker li ser xaka Rojavay\u00ea Kurdistan \u00fb Bakur\u00ea Suriy\u00ea y\u00ean 14\u00ea Cotmeh\u00ea \u00car\u00ee\u015f\u00ean dagirkeriy\u00ea y\u00ean art\u00ea\u015fa dagirker \u00fb \u00e7etey\u00ean w\u00ea li Bakur\u00ea Sury\u00ea \u00fb Rojvay\u00ea Kurdistan\u00ea berdewam dike. Di \u00e7ar\u00e7oveya Berxwedana Cenga Rojava de: ENIYA SER\u00caKANIY\u00ca Li xeta Alya, \u00eaniya Rojava \u00fb \u00eaniya Rojhilat de \u015fer bi dijwar\u00ee berdewam kir. [&hellip;]<\/p>\n","protected":false},"author":1,"featured_media":14195,"comment_status":"closed","ping_status":"closed","sticky":false,"template":"","format":"standard","meta":{"footnotes":""},"categories":[39],"tags":[],"class_list":{"0":"post-9375","1":"post","2":"type-post","3":"status-publish","4":"format-standard","5":"has-post-thumbnail","7":"category-daxuyani"},"_links":{"self":[{"href":"https:\/\/ypjrojava.net\/index.php?rest_route=\/wp\/v2\/posts\/9375","targetHints":{"allow":["GET"]}}],"collection":[{"href":"https:\/\/ypjrojava.net\/index.php?rest_route=\/wp\/v2\/posts"}],"about":[{"href":"https:\/\/ypjrojava.net\/index.php?rest_route=\/wp\/v2\/types\/post"}],"author":[{"embeddable":true,"href":"https:\/\/ypjrojava.net\/index.php?rest_route=\/wp\/v2\/users\/1"}],"replies":[{"embeddable":true,"href":"https:\/\/ypjrojava.net\/index.php?rest_route=%2Fwp%2Fv2%2Fcomments&post=9375"}],"version-history":[{"count":2,"href":"https:\/\/ypjrojava.net\/index.php?rest_route=\/wp\/v2\/posts\/9375\/revisions"}],"predecessor-version":[{"id":9378,"href":"https:\/\/ypjrojava.net\/index.php?rest_route=\/wp\/v2\/posts\/9375\/revisions\/9378"}],"wp:featuredmedia":[{"embeddable":true,"href":"https:\/\/ypjrojava.net\/index.php?rest_route=\/wp\/v2\/media\/14195"}],"wp:attachment":[{"href":"https:\/\/ypjrojava.net\/index.php?rest_route=%2Fwp%2Fv2%2Fmedia&parent=9375"}],"wp:term":[{"taxonomy":"category","embeddable":true,"href":"https:\/\/ypjrojava.net\/index.php?rest_route=%2Fwp%2Fv2%2Fcategories&post=9375"},{"taxonomy":"post_tag","embeddable":true,"href":"https:\/\/ypjrojava.net\/index.php?rest_route=%2Fwp%2Fv2%2Ftags&post=9375"}],"curies":[{"name":"wp","href":"https:\/\/api.w.org\/{rel}","templated":true}]}}