{"id":9380,"date":"2019-10-15T14:00:00","date_gmt":"2019-10-15T14:00:00","guid":{"rendered":"https:\/\/ypjrojava.net\/?p=9380"},"modified":"2019-10-15T14:00:00","modified_gmt":"2019-10-15T14:00:00","slug":"balafiren-ser-li-taxen-serekaniye-dixin","status":"publish","type":"post","link":"https:\/\/ypjrojava.net\/?p=9380","title":{"rendered":"Balafir\u00ean \u015eer Li Tax\u00ean Ser\u00eakaniy\u00ea Dixin"},"content":{"rendered":"<p><strong>Lezg\u00een: <\/strong><\/p>\n<p>Di van k\u00ealiyan de li Ser\u00eakaniy\u00ea balafir\u00ean \u015fer li tax\u00ean baj\u00ear dixin \u00fb balafira ke\u015ff\u00ea b\u00ea navber digere. Her wiha \u015fer \u00fb pev\u00e7\u00fbn\u00ean giran li cepha Rojhilat \u00fb Rojava hene. Li haciz\u00ea di navbera Ser\u00eakaniy\u00ea \u00fb Tiltemir de \u015fer girane. Le\u015fker \u00fb \u00e7etey\u00ean dewleta Tirk y\u00ea dagirker hewldidin v\u00ea r\u00eay\u00ea bigrin ta ku tekil\u00ee bi baj\u00ear re were qutkirin. D\u00eesa \u015fer \u00fb pev\u00e7\u00fbn\u00ean giran li Sawama Eliya hene.<\/p>\n<p>&nbsp;<\/p>\n<p>Navenda Ragihandina YPJ&#8217;\u00ea<\/p>\n<p>15.10.2019-Ser\u00eakaniy\u00ea<\/p>\n","protected":false},"excerpt":{"rendered":"<p>Lezg\u00een: Di van k\u00ealiyan de li Ser\u00eakaniy\u00ea balafir\u00ean \u015fer li tax\u00ean baj\u00ear dixin \u00fb balafira ke\u015ff\u00ea b\u00ea navber digere. Her wiha \u015fer \u00fb pev\u00e7\u00fbn\u00ean giran li cepha Rojhilat \u00fb Rojava hene. Li haciz\u00ea di navbera Ser\u00eakaniy\u00ea \u00fb Tiltemir de \u015fer girane. Le\u015fker \u00fb \u00e7etey\u00ean dewleta Tirk y\u00ea dagirker hewldidin v\u00ea r\u00eay\u00ea bigrin ta ku tekil\u00ee [&hellip;]<\/p>\n","protected":false},"author":1,"featured_media":9381,"comment_status":"closed","ping_status":"closed","sticky":false,"template":"","format":"standard","meta":{"footnotes":""},"categories":[38],"tags":[],"class_list":{"0":"post-9380","1":"post","2":"type-post","3":"status-publish","4":"format-standard","5":"has-post-thumbnail","7":"category-nuce"},"_links":{"self":[{"href":"https:\/\/ypjrojava.net\/index.php?rest_route=\/wp\/v2\/posts\/9380","targetHints":{"allow":["GET"]}}],"collection":[{"href":"https:\/\/ypjrojava.net\/index.php?rest_route=\/wp\/v2\/posts"}],"about":[{"href":"https:\/\/ypjrojava.net\/index.php?rest_route=\/wp\/v2\/types\/post"}],"author":[{"embeddable":true,"href":"https:\/\/ypjrojava.net\/index.php?rest_route=\/wp\/v2\/users\/1"}],"replies":[{"embeddable":true,"href":"https:\/\/ypjrojava.net\/index.php?rest_route=%2Fwp%2Fv2%2Fcomments&post=9380"}],"version-history":[{"count":1,"href":"https:\/\/ypjrojava.net\/index.php?rest_route=\/wp\/v2\/posts\/9380\/revisions"}],"predecessor-version":[{"id":9382,"href":"https:\/\/ypjrojava.net\/index.php?rest_route=\/wp\/v2\/posts\/9380\/revisions\/9382"}],"wp:featuredmedia":[{"embeddable":true,"href":"https:\/\/ypjrojava.net\/index.php?rest_route=\/wp\/v2\/media\/9381"}],"wp:attachment":[{"href":"https:\/\/ypjrojava.net\/index.php?rest_route=%2Fwp%2Fv2%2Fmedia&parent=9380"}],"wp:term":[{"taxonomy":"category","embeddable":true,"href":"https:\/\/ypjrojava.net\/index.php?rest_route=%2Fwp%2Fv2%2Fcategories&post=9380"},{"taxonomy":"post_tag","embeddable":true,"href":"https:\/\/ypjrojava.net\/index.php?rest_route=%2Fwp%2Fv2%2Ftags&post=9380"}],"curies":[{"name":"wp","href":"https:\/\/api.w.org\/{rel}","templated":true}]}}