{"id":9386,"date":"2019-10-15T15:36:41","date_gmt":"2019-10-15T15:36:41","guid":{"rendered":"https:\/\/ypjrojava.net\/?p=9386"},"modified":"2022-07-21T07:39:46","modified_gmt":"2022-07-21T07:39:46","slug":"em-ji-bajar-u-kolanen-xwe-dernakevin","status":"publish","type":"post","link":"https:\/\/ypjrojava.net\/?p=9386","title":{"rendered":"Em Ji Bajar \u00db Kolan\u00ean Xwe Dernakevin"},"content":{"rendered":"<p>Dayika \u015eeh\u00eedek \u00fb 5 teko\u015feran dayika berxwedan, ya ji bajar\u00ea Dirbesiy\u00ea ye, got; &#8220;em weke dayik\u00ean dil\u015fewat soz didin heya daw\u00ee li gel \u015fervan\u00ean xwe \u015fer\u00ea parastina welat\u00ea xwe bikin&#8221;<\/p>\n<p>Dayika Berxwedan, ya ji bajar\u00ea Dirbes\u00ee y\u00ea, ji roja Berxwedana R\u00fbmet\u00ea li hember\u00ee dagirkeriya dewleta Tirk \u00fb \u00e7etey\u00ean w\u00ea dest p\u00ea kir bi \u00e7ek \u00fb rexa xwe cih\u00ea xwe di eniya berxwedan\u00ea de girtiye. Dayika 5 teko\u015feran h\u00earsa xwe li hember\u00ee dewleta Tirk vegot \u00fb biryardariya xwe ya teko\u015f\u00een\u00ea wiha an\u00ee ziman; &#8221; Em ji bajar, kolan\u00ean xwe dernakevin, em \u00ea heya daw\u00ee li pi\u015ft \u015fervan\u00ean xwe bin \u00fb bi wan re welat\u00ea xwe bipar\u00eazin. Bila dewleta Tirk bizanibe em weke gel \u00fb dayik\u00ean Kurd ji \u00e7anda berxwedan\u00ea t\u00ean. Em di oxira v\u00ea berxwedan\u00ea de berd\u00eal\u00ean giran j\u00ee bidin em dev ji doza azadiy\u00ea bernadin.&#8221;<\/p>\n<p>Min \u015feh\u00eedek daye v\u00ea doz\u00ea. Niha j\u00ee ke\u00e7eke min \u00fb 4 kur\u00ean min di nav ref\u00ean \u015fore\u015f\u00ea de cih digrin. Ez \u00fb bav\u00ea berxwedan ji r\u00eaya zarok\u00ean me hilbijartiye serbilindin. Ew \u00e7iqas \u00ear\u00ee\u015f\u00ean xwe giran j\u00ee bike w\u00ea bi v\u00een, bawer\u00ee \u00fb h\u00eaza me nikaribin. W\u00ea daxwaza Erdogan \u00fb hevkar\u00ean w\u00ee ya xelas kirina Kurdan p\u00eak ney\u00ea. W\u00ea zarok\u00ean ji derg\u00fb\u015f\u00ea rabin \u00fb hesab xw\u00eenm\u00eaj\u00ean Kurdan bipirsin.&#8221;<\/p>\n<p>Bav\u00ea Berxwedan j\u00ee h\u00earsa xwe li hember\u00ee dewleta tirk a dagirker bi van gotinan an\u00ee ziman; &#8221; Ger ketinek\u00ee Erdogan ya Bak\u00fbr-Rojhilat\u00ea S\u00fbriy\u00ea heb\u00ea we tu car\u00ee nikaribe j\u00ea derbikeve. Ji ber ku gel\u00ea Kurd \u00fb gel\u00ean li ser xaka S\u00fbriy\u00ea dij\u00een xwed\u00ee kevne\u015fopiy\u00ean berxwedan\u00ea ne. Heya dilopeke xw\u00een di can\u00ea me de hebe em \u00ea li ber xwe bidin \u00fb em \u00ea axa xwe bipar\u00eazin\u201d<\/p>\n<p>Bav\u00ea \u015feh\u00eedek\u00ee soza parastina axa xwe wiha an\u00ee ziman; &#8221; Heya ku dilopek xw\u00een di can\u00ea me de hebe em \u00ea li ber xwe bidin \u00fb welat\u00ea xwe bipar\u00eazin. Daxwaza min ji ciwanan ew e ku heya ji wan were bila welat\u00ea xwe bernedin \u00fb xwed\u00ee li r\u00fbmet \u00fb welat\u00ea xwe derbikevin&#8221;<\/p>\n<p>&nbsp;<\/p>\n<p><iframe loading=\"lazy\" title=\"Em Ji Bajar \u00db Kolan\u00ean Xwe Dernakevin\" width=\"696\" height=\"392\" src=\"https:\/\/www.youtube.com\/embed\/m-b91DWyCRM?feature=oembed\" frameborder=\"0\" allow=\"accelerometer; autoplay; clipboard-write; encrypted-media; gyroscope; picture-in-picture; web-share\" referrerpolicy=\"strict-origin-when-cross-origin\" allowfullscreen><\/iframe><\/p>\n<p>&nbsp;<\/p>\n","protected":false},"excerpt":{"rendered":"<p>Dayika \u015eeh\u00eedek \u00fb 5 teko\u015feran dayika berxwedan, ya ji bajar\u00ea Dirbesiy\u00ea ye, got; &#8220;em weke dayik\u00ean dil\u015fewat soz didin heya daw\u00ee li gel \u015fervan\u00ean xwe \u015fer\u00ea parastina welat\u00ea xwe bikin&#8221; Dayika Berxwedan, ya ji bajar\u00ea Dirbes\u00ee y\u00ea, ji roja Berxwedana R\u00fbmet\u00ea li hember\u00ee dagirkeriya dewleta Tirk \u00fb \u00e7etey\u00ean w\u00ea dest p\u00ea kir bi \u00e7ek \u00fb [&hellip;]<\/p>\n","protected":false},"author":1,"featured_media":14845,"comment_status":"closed","ping_status":"closed","sticky":false,"template":"","format":"standard","meta":{"footnotes":""},"categories":[38],"tags":[],"class_list":{"0":"post-9386","1":"post","2":"type-post","3":"status-publish","4":"format-standard","5":"has-post-thumbnail","7":"category-nuce"},"_links":{"self":[{"href":"https:\/\/ypjrojava.net\/index.php?rest_route=\/wp\/v2\/posts\/9386","targetHints":{"allow":["GET"]}}],"collection":[{"href":"https:\/\/ypjrojava.net\/index.php?rest_route=\/wp\/v2\/posts"}],"about":[{"href":"https:\/\/ypjrojava.net\/index.php?rest_route=\/wp\/v2\/types\/post"}],"author":[{"embeddable":true,"href":"https:\/\/ypjrojava.net\/index.php?rest_route=\/wp\/v2\/users\/1"}],"replies":[{"embeddable":true,"href":"https:\/\/ypjrojava.net\/index.php?rest_route=%2Fwp%2Fv2%2Fcomments&post=9386"}],"version-history":[{"count":2,"href":"https:\/\/ypjrojava.net\/index.php?rest_route=\/wp\/v2\/posts\/9386\/revisions"}],"predecessor-version":[{"id":14846,"href":"https:\/\/ypjrojava.net\/index.php?rest_route=\/wp\/v2\/posts\/9386\/revisions\/14846"}],"wp:featuredmedia":[{"embeddable":true,"href":"https:\/\/ypjrojava.net\/index.php?rest_route=\/wp\/v2\/media\/14845"}],"wp:attachment":[{"href":"https:\/\/ypjrojava.net\/index.php?rest_route=%2Fwp%2Fv2%2Fmedia&parent=9386"}],"wp:term":[{"taxonomy":"category","embeddable":true,"href":"https:\/\/ypjrojava.net\/index.php?rest_route=%2Fwp%2Fv2%2Fcategories&post=9386"},{"taxonomy":"post_tag","embeddable":true,"href":"https:\/\/ypjrojava.net\/index.php?rest_route=%2Fwp%2Fv2%2Ftags&post=9386"}],"curies":[{"name":"wp","href":"https:\/\/api.w.org\/{rel}","templated":true}]}}