{"id":9393,"date":"2019-10-15T19:24:30","date_gmt":"2019-10-15T19:24:30","guid":{"rendered":"https:\/\/ypjrojava.net\/?p=9393"},"modified":"2019-10-15T19:24:30","modified_gmt":"2019-10-15T19:24:30","slug":"balafiren-ser-navenda-bajare-serekaniye-topbaran-dikin","status":"publish","type":"post","link":"https:\/\/ypjrojava.net\/?p=9393","title":{"rendered":"Balafir\u00ean \u015eer Navenda Bajar\u00ea Ser\u00eakaniy\u00ea Topbaran Dikin"},"content":{"rendered":"<p><strong>Lezg\u00een:<\/strong><\/p>\n<p>Li gor agahiy\u00ean her\u00ee daw\u00ee ketine dest\u00ea me angu di van k\u00ealiyan de balafir\u00ean \u015fer y\u00ean dewleta Tirk \u00fb fa\u015f\u00eest, pi\u015ft\u00ee demek li ser Baj\u00eara Ser\u00eakaniy\u00ea geriyan niha j\u00ee topbaran dikin. Balafir\u00ean \u015fer \u00fb y\u00ea ke\u015ff\u00ea b\u00ea navber li ser baj\u00ear digerin.<\/p>\n<p><strong>Navenda Ragihandina YPJ<\/strong><\/p>\n<p><strong>15.10.2019-Ser\u00eakaniy\u00ea\u00a0<\/strong><\/p>\n","protected":false},"excerpt":{"rendered":"<p>Lezg\u00een: Li gor agahiy\u00ean her\u00ee daw\u00ee ketine dest\u00ea me angu di van k\u00ealiyan de balafir\u00ean \u015fer y\u00ean dewleta Tirk \u00fb fa\u015f\u00eest, pi\u015ft\u00ee demek li ser Baj\u00eara Ser\u00eakaniy\u00ea geriyan niha j\u00ee topbaran dikin. Balafir\u00ean \u015fer \u00fb y\u00ea ke\u015ff\u00ea b\u00ea navber li ser baj\u00ear digerin. Navenda Ragihandina YPJ 15.10.2019-Ser\u00eakaniy\u00ea\u00a0<\/p>\n","protected":false},"author":1,"featured_media":9276,"comment_status":"closed","ping_status":"closed","sticky":false,"template":"","format":"standard","meta":{"footnotes":""},"categories":[38],"tags":[],"class_list":{"0":"post-9393","1":"post","2":"type-post","3":"status-publish","4":"format-standard","5":"has-post-thumbnail","7":"category-nuce"},"_links":{"self":[{"href":"https:\/\/ypjrojava.net\/index.php?rest_route=\/wp\/v2\/posts\/9393","targetHints":{"allow":["GET"]}}],"collection":[{"href":"https:\/\/ypjrojava.net\/index.php?rest_route=\/wp\/v2\/posts"}],"about":[{"href":"https:\/\/ypjrojava.net\/index.php?rest_route=\/wp\/v2\/types\/post"}],"author":[{"embeddable":true,"href":"https:\/\/ypjrojava.net\/index.php?rest_route=\/wp\/v2\/users\/1"}],"replies":[{"embeddable":true,"href":"https:\/\/ypjrojava.net\/index.php?rest_route=%2Fwp%2Fv2%2Fcomments&post=9393"}],"version-history":[{"count":1,"href":"https:\/\/ypjrojava.net\/index.php?rest_route=\/wp\/v2\/posts\/9393\/revisions"}],"predecessor-version":[{"id":9394,"href":"https:\/\/ypjrojava.net\/index.php?rest_route=\/wp\/v2\/posts\/9393\/revisions\/9394"}],"wp:featuredmedia":[{"embeddable":true,"href":"https:\/\/ypjrojava.net\/index.php?rest_route=\/wp\/v2\/media\/9276"}],"wp:attachment":[{"href":"https:\/\/ypjrojava.net\/index.php?rest_route=%2Fwp%2Fv2%2Fmedia&parent=9393"}],"wp:term":[{"taxonomy":"category","embeddable":true,"href":"https:\/\/ypjrojava.net\/index.php?rest_route=%2Fwp%2Fv2%2Fcategories&post=9393"},{"taxonomy":"post_tag","embeddable":true,"href":"https:\/\/ypjrojava.net\/index.php?rest_route=%2Fwp%2Fv2%2Ftags&post=9393"}],"curies":[{"name":"wp","href":"https:\/\/api.w.org\/{rel}","templated":true}]}}