{"id":9398,"date":"2019-10-16T04:28:41","date_gmt":"2019-10-16T04:28:41","guid":{"rendered":"https:\/\/ypjrojava.net\/?p=9398"},"modified":"2019-10-16T04:28:41","modified_gmt":"2019-10-16T04:28:41","slug":"li-hemu-cephen-serekaniye-sevidin-heya-niha-ser-girane","status":"publish","type":"post","link":"https:\/\/ypjrojava.net\/?p=9398","title":{"rendered":"Li Hem\u00fb Ceph\u00ean Ser\u00eakaniy\u00ea \u015eev\u00eedin Heya Niha \u015eer Girane"},"content":{"rendered":"<p>&nbsp;<\/p>\n<p><strong>Lezg\u00een:\u00a0<\/strong><\/p>\n<p>Berxwedana R\u00fbmet\u00ea ya li hember\u00ee dagirkeriya dewleta Tirk a dagirker li Ser\u00eakaniy\u00ea bi hem\u00fb dijwariya xwe berdewam dike.\u00a0 Ji duh \u00eavar\u00ea heya ser\u00ea v\u00ea sib\u00ea balafir\u00ean \u015fer \u00fb ya ke\u015ff\u00ea b\u00ea navber li hem\u00fb tax\u00ean bajar xistin.\u00a0 Tev\u00ee ku \u00ear\u00ee\u015f pir dijwar b\u00fb, l\u00ea berxwedaniya \u015fervanan li hember\u00ee v\u00ea \u00ear\u00ee\u015fa giran heya van k\u00ealiyan berdewame.\u00a0 Hewldan\u00ean dagirkeriy\u00ea y\u00ean ji bo bikevin nava bajar\u00ea Ser\u00eakaniy\u00ean hatin \u015fikandin.\u00a0 Di van k\u00ealiyan de li aliy\u00ea cepha Rojava, Rojhilat, xeta Bak\u00fbr \u00fb haciz\u00ea Ser\u00eakaniy\u00ea \u015fer \u00fb pev\u00e7\u00fbn\u00ean giran berdewam dikin. Gelek ku\u015ftiy\u00ean dijmin hene.<\/p>\n<p>&nbsp;<\/p>\n<p><strong>Navenda Ragihandina YPJ<\/strong><\/p>\n<p><strong>16.10.2019-Ser\u00eakaniy\u00ea \u00a0\u00a0<\/strong><\/p>\n","protected":false},"excerpt":{"rendered":"<p>&nbsp; Lezg\u00een:\u00a0 Berxwedana R\u00fbmet\u00ea ya li hember\u00ee dagirkeriya dewleta Tirk a dagirker li Ser\u00eakaniy\u00ea bi hem\u00fb dijwariya xwe berdewam dike.\u00a0 Ji duh \u00eavar\u00ea heya ser\u00ea v\u00ea sib\u00ea balafir\u00ean \u015fer \u00fb ya ke\u015ff\u00ea b\u00ea navber li hem\u00fb tax\u00ean bajar xistin.\u00a0 Tev\u00ee ku \u00ear\u00ee\u015f pir dijwar b\u00fb, l\u00ea berxwedaniya \u015fervanan li hember\u00ee v\u00ea \u00ear\u00ee\u015fa giran heya van [&hellip;]<\/p>\n","protected":false},"author":1,"featured_media":9260,"comment_status":"closed","ping_status":"closed","sticky":false,"template":"","format":"standard","meta":{"footnotes":""},"categories":[38],"tags":[],"class_list":{"0":"post-9398","1":"post","2":"type-post","3":"status-publish","4":"format-standard","5":"has-post-thumbnail","7":"category-nuce"},"_links":{"self":[{"href":"https:\/\/ypjrojava.net\/index.php?rest_route=\/wp\/v2\/posts\/9398","targetHints":{"allow":["GET"]}}],"collection":[{"href":"https:\/\/ypjrojava.net\/index.php?rest_route=\/wp\/v2\/posts"}],"about":[{"href":"https:\/\/ypjrojava.net\/index.php?rest_route=\/wp\/v2\/types\/post"}],"author":[{"embeddable":true,"href":"https:\/\/ypjrojava.net\/index.php?rest_route=\/wp\/v2\/users\/1"}],"replies":[{"embeddable":true,"href":"https:\/\/ypjrojava.net\/index.php?rest_route=%2Fwp%2Fv2%2Fcomments&post=9398"}],"version-history":[{"count":1,"href":"https:\/\/ypjrojava.net\/index.php?rest_route=\/wp\/v2\/posts\/9398\/revisions"}],"predecessor-version":[{"id":9399,"href":"https:\/\/ypjrojava.net\/index.php?rest_route=\/wp\/v2\/posts\/9398\/revisions\/9399"}],"wp:featuredmedia":[{"embeddable":true,"href":"https:\/\/ypjrojava.net\/index.php?rest_route=\/wp\/v2\/media\/9260"}],"wp:attachment":[{"href":"https:\/\/ypjrojava.net\/index.php?rest_route=%2Fwp%2Fv2%2Fmedia&parent=9398"}],"wp:term":[{"taxonomy":"category","embeddable":true,"href":"https:\/\/ypjrojava.net\/index.php?rest_route=%2Fwp%2Fv2%2Fcategories&post=9398"},{"taxonomy":"post_tag","embeddable":true,"href":"https:\/\/ypjrojava.net\/index.php?rest_route=%2Fwp%2Fv2%2Ftags&post=9398"}],"curies":[{"name":"wp","href":"https:\/\/api.w.org\/{rel}","templated":true}]}}