{"id":9400,"date":"2019-10-16T10:07:31","date_gmt":"2019-10-16T10:07:31","guid":{"rendered":"https:\/\/ypjrojava.net\/?p=9400"},"modified":"2022-10-28T06:48:48","modified_gmt":"2022-10-28T06:48:48","slug":"gunde-ku-di-navbera-ayn-isa-u-gire-spi-de-ser-u-pevcun-didome","status":"publish","type":"post","link":"https:\/\/ypjrojava.net\/?p=9400","title":{"rendered":"Gund\u00ea ku di Navbera Ayn \u00cesa \u00fb Gir\u00ea Spi de \u015eer \u00fb Pev\u00e7\u00fbn Didome"},"content":{"rendered":"<p><strong>LEZG\u00ceN:\u00a0<\/strong><\/p>\n<p>Gund\u00ea ku di navbera Ayn \u00cesa \u00fb Gir\u00ea Spi de \u015fer \u00fb pev\u00e7\u00fbn bi dijwar\u00ee didome . Li g\u00fbnd\u00ea Kendal\u00ea \u00a0BMB ya \u00e7eteyan hate r\u00fbxandin \u00fb \u015fofor\u00ea w\u00ea j\u00ee hate k\u00fb\u015ftin.<\/p>\n<p>Li g\u00fbnd\u00ea Yarqo ya ku di navbera Tilabyad \u00fb Eyn \u00cesa de ye, \u015fervanan \u00a0bi \u00e7alakiya mayin\u00ea \u00a0li hemberi konvoya dijmin \u00e7alak\u00ee p\u00eak an\u00een \u00fb BMB hat r\u00fbxandin. Di encama v\u00ea \u00e7alakiy\u00ea de \u00a0k\u00fb\u015ft\u00ee \u00fb bir\u00eendar\u00ea dijmin ne d\u00eeyar e.<\/p>\n<p>N\u00eazik\u00ee Eyn \u00cesa 5 km j\u00ee dijmin dema ku di liv \u00fb tevger\u00ea de b\u00fb, bi awayek\u00ee bi \u00a0bandor \u015fervanan bersiva wan de, di encam\u00ea v\u00ea de gelek birindar\u00ea dijmin heye. \u00a0Di heman pev\u00e7\u00fbn\u00ea de 2 ereb\u00ea Do\u00e7ka ketin dest\u00ea \u015fervanan de. Dimen\u00ea v\u00ea \u00e7alakiy\u00ea w\u00ea pi\u015ftre bi raya gi\u015fti re b\u00ea parve kirin.<\/p>\n<p>D\u00fbh bi \u015fev G\u00fbnd\u00ea Celb\u00ea ya ku n\u00eaz\u00ee Tilabyad \u00ea ji al\u00eey\u00ea \u00e7etey\u00ean dagirker ya Tirk ve hatib\u00fb dagirkirin l\u00ea \u00a0ji al\u00eey\u00ea \u015fervanan ve careke din hat rizgarkirin \u00fb li hember\u00ee bersiv day\u00eena \u015fervanan\u00a0 \u00e7ete pa\u015f de direvin.<\/p>\n<p>Li\u00a0 G\u00fbnd\u00ea Wes\u00eeta ya ku di navbera Tilfindir \u00fb Eyn \u00cesa de cih digre, dema ku konvoya dijmin di tevger\u00ea de ye, \u015fervanan \u00e7alak\u00ee p\u00eak an\u00een \u00fb di encama v\u00ea \u00e7alakiy\u00ea de 5 birindar \u00a0\u00fb \u00a01 k\u00fb\u015ft\u00eeyek dijmin heye .<\/p>\n<p><strong>Navenda Ragihandina YPJ <\/strong><\/p>\n<p><strong>16.10.2019 \u2013 Gir\u00ea Sp\u00ee <\/strong><\/p>\n<p>&nbsp;<\/p>\n","protected":false},"excerpt":{"rendered":"<p>LEZG\u00ceN:\u00a0 Gund\u00ea ku di navbera Ayn \u00cesa \u00fb Gir\u00ea Spi de \u015fer \u00fb pev\u00e7\u00fbn bi dijwar\u00ee didome . Li g\u00fbnd\u00ea Kendal\u00ea \u00a0BMB ya \u00e7eteyan hate r\u00fbxandin \u00fb \u015fofor\u00ea w\u00ea j\u00ee hate k\u00fb\u015ftin. Li g\u00fbnd\u00ea Yarqo ya ku di navbera Tilabyad \u00fb Eyn \u00cesa de ye, \u015fervanan \u00a0bi \u00e7alakiya mayin\u00ea \u00a0li hemberi konvoya dijmin \u00e7alak\u00ee p\u00eak [&hellip;]<\/p>\n","protected":false},"author":1,"featured_media":9276,"comment_status":"closed","ping_status":"closed","sticky":false,"template":"","format":"standard","meta":{"footnotes":""},"categories":[38],"tags":[],"class_list":{"0":"post-9400","1":"post","2":"type-post","3":"status-publish","4":"format-standard","5":"has-post-thumbnail","7":"category-nuce"},"_links":{"self":[{"href":"https:\/\/ypjrojava.net\/index.php?rest_route=\/wp\/v2\/posts\/9400","targetHints":{"allow":["GET"]}}],"collection":[{"href":"https:\/\/ypjrojava.net\/index.php?rest_route=\/wp\/v2\/posts"}],"about":[{"href":"https:\/\/ypjrojava.net\/index.php?rest_route=\/wp\/v2\/types\/post"}],"author":[{"embeddable":true,"href":"https:\/\/ypjrojava.net\/index.php?rest_route=\/wp\/v2\/users\/1"}],"replies":[{"embeddable":true,"href":"https:\/\/ypjrojava.net\/index.php?rest_route=%2Fwp%2Fv2%2Fcomments&post=9400"}],"version-history":[{"count":1,"href":"https:\/\/ypjrojava.net\/index.php?rest_route=\/wp\/v2\/posts\/9400\/revisions"}],"predecessor-version":[{"id":9401,"href":"https:\/\/ypjrojava.net\/index.php?rest_route=\/wp\/v2\/posts\/9400\/revisions\/9401"}],"wp:featuredmedia":[{"embeddable":true,"href":"https:\/\/ypjrojava.net\/index.php?rest_route=\/wp\/v2\/media\/9276"}],"wp:attachment":[{"href":"https:\/\/ypjrojava.net\/index.php?rest_route=%2Fwp%2Fv2%2Fmedia&parent=9400"}],"wp:term":[{"taxonomy":"category","embeddable":true,"href":"https:\/\/ypjrojava.net\/index.php?rest_route=%2Fwp%2Fv2%2Fcategories&post=9400"},{"taxonomy":"post_tag","embeddable":true,"href":"https:\/\/ypjrojava.net\/index.php?rest_route=%2Fwp%2Fv2%2Ftags&post=9400"}],"curies":[{"name":"wp","href":"https:\/\/api.w.org\/{rel}","templated":true}]}}