{"id":9410,"date":"2019-10-16T13:15:44","date_gmt":"2019-10-16T13:15:44","guid":{"rendered":"https:\/\/ypjrojava.net\/?p=9410"},"modified":"2022-07-03T05:30:11","modified_gmt":"2022-07-03T05:30:11","slug":"tevgera-erdogan-ne-kaniya-asitiye-kaniya-xwine-ye","status":"publish","type":"post","link":"https:\/\/ypjrojava.net\/?p=9410","title":{"rendered":"Tevgera Erdogan Ne Kaniya A\u015f\u00eetiy\u00ea Kaniya Xw\u00een\u00ea Ye\u00a0"},"content":{"rendered":"<p>Di 14&#8217;\u00ea meha Cotmeh\u00ea de li gund\u00ea \u00c7atal\u00ea y\u00ea gir\u00eaday\u00ee bajar\u00ea Dirbesiy\u00ea di encama topbarana dewleta Tirk a dagirker de siv\u00eel\u00ea bi nav\u00ea \u00cezedd\u00een \u00ea 52 sal\u00ee r\u00fbxm\u00ea jiyana xwe ji dest da b\u00fb. Di heman topbaran\u00ea de siv\u00eel\u00ea bi nav\u00ea Muzaffer Y\u00fbs\u00fbf \u00fb Naman Ehmed j\u00ee \u00a0bir\u00eendar b\u00fbb\u00fbn.<\/p>\n<p>Hevj\u00eena \u00cezedd\u00een, Leyla Ceng\u00eezxan ya endama asayi\u015f\u00ea di meras\u00eema hevj\u00een\u00ea xwe de, h\u00earsa xwey\u00ee li hember\u00ee dagirkeriya dewleta Tirk wiha an\u00ee ser ziman \u00fb \u015fahadeta hevj\u00een\u00ea xwe bi van gotinan p\u00ea\u015fwaz\u00ee kir: &#8220;Teko\u015f\u00eena te teko\u015f\u00eena Apoc\u00eeya ne. Te bi du rexta \u00fb bi du \u00e7ekan li hember\u00ee dagirkeran weke \u00cal\u00ee\u015fer\u00ea Kurdan weke piling\u00ea Kurdan ber xwe da. \u00cezedd\u00een ji tang \u00fb top\u00ean dagirkeran netirsiya. Her bij\u00ee ji te re! Her bij\u00ee ji te re!&#8221;<\/p>\n<p>Leyla Ceng\u00eezxan ev \u00ear\u00ee\u015f\u00ean hovane y\u00ea dewleta Tirk a dagirker ku li ser Rojavay\u00ea Kurdistan\u00ea dest p\u00ea kir\u00ee \u00fb di heman dem\u00ea de ev \u00ear\u00ee\u015f weke Kaniya A\u015f\u00eeti y\u00ea bi nav kirina wan re wiha bersiv da Erdogan: &#8220;Ev ne Kaniya A\u015f\u00eetiy\u00ea ye, ev Kaniya Xw\u00een\u00ea ye.&#8221;<\/p>\n<p><strong>Navenda Ragihandina YPJ<\/strong><\/p>\n<p><strong>16.10.2019-Dirbersiy\u00ea\u00a0<\/strong><\/p>\n<p>&nbsp;<\/p>\n<p><iframe loading=\"lazy\" title=\"Tevgera Erdogan Ne Kaniya A\u015f\u00eetiy\u00ea Kaniya Xw\u00een\u00ea Ye\" width=\"696\" height=\"392\" src=\"https:\/\/www.youtube.com\/embed\/PKelGHJKEF4?feature=oembed\" frameborder=\"0\" allow=\"accelerometer; autoplay; clipboard-write; encrypted-media; gyroscope; picture-in-picture; web-share\" referrerpolicy=\"strict-origin-when-cross-origin\" allowfullscreen><\/iframe><\/p>\n","protected":false},"excerpt":{"rendered":"<p>Di 14&#8217;\u00ea meha Cotmeh\u00ea de li gund\u00ea \u00c7atal\u00ea y\u00ea gir\u00eaday\u00ee bajar\u00ea Dirbesiy\u00ea di encama topbarana dewleta Tirk a dagirker de siv\u00eel\u00ea bi nav\u00ea \u00cezedd\u00een \u00ea 52 sal\u00ee r\u00fbxm\u00ea jiyana xwe ji dest da b\u00fb. Di heman topbaran\u00ea de siv\u00eel\u00ea bi nav\u00ea Muzaffer Y\u00fbs\u00fbf \u00fb Naman Ehmed j\u00ee \u00a0bir\u00eendar b\u00fbb\u00fbn. Hevj\u00eena \u00cezedd\u00een, Leyla Ceng\u00eezxan ya endama [&hellip;]<\/p>\n","protected":false},"author":1,"featured_media":14792,"comment_status":"closed","ping_status":"closed","sticky":false,"template":"","format":"standard","meta":{"footnotes":""},"categories":[38],"tags":[],"class_list":{"0":"post-9410","1":"post","2":"type-post","3":"status-publish","4":"format-standard","5":"has-post-thumbnail","7":"category-nuce"},"_links":{"self":[{"href":"https:\/\/ypjrojava.net\/index.php?rest_route=\/wp\/v2\/posts\/9410","targetHints":{"allow":["GET"]}}],"collection":[{"href":"https:\/\/ypjrojava.net\/index.php?rest_route=\/wp\/v2\/posts"}],"about":[{"href":"https:\/\/ypjrojava.net\/index.php?rest_route=\/wp\/v2\/types\/post"}],"author":[{"embeddable":true,"href":"https:\/\/ypjrojava.net\/index.php?rest_route=\/wp\/v2\/users\/1"}],"replies":[{"embeddable":true,"href":"https:\/\/ypjrojava.net\/index.php?rest_route=%2Fwp%2Fv2%2Fcomments&post=9410"}],"version-history":[{"count":3,"href":"https:\/\/ypjrojava.net\/index.php?rest_route=\/wp\/v2\/posts\/9410\/revisions"}],"predecessor-version":[{"id":14793,"href":"https:\/\/ypjrojava.net\/index.php?rest_route=\/wp\/v2\/posts\/9410\/revisions\/14793"}],"wp:featuredmedia":[{"embeddable":true,"href":"https:\/\/ypjrojava.net\/index.php?rest_route=\/wp\/v2\/media\/14792"}],"wp:attachment":[{"href":"https:\/\/ypjrojava.net\/index.php?rest_route=%2Fwp%2Fv2%2Fmedia&parent=9410"}],"wp:term":[{"taxonomy":"category","embeddable":true,"href":"https:\/\/ypjrojava.net\/index.php?rest_route=%2Fwp%2Fv2%2Fcategories&post=9410"},{"taxonomy":"post_tag","embeddable":true,"href":"https:\/\/ypjrojava.net\/index.php?rest_route=%2Fwp%2Fv2%2Ftags&post=9410"}],"curies":[{"name":"wp","href":"https:\/\/api.w.org\/{rel}","templated":true}]}}