{"id":9413,"date":"2019-10-16T13:22:26","date_gmt":"2019-10-16T13:22:26","guid":{"rendered":"https:\/\/ypjrojava.net\/?p=9413"},"modified":"2022-08-01T13:11:40","modified_gmt":"2022-08-01T13:11:40","slug":"li-gunde-xalidiye-2-tangen-ceteyan-hatin-ruxandin","status":"publish","type":"post","link":"https:\/\/ypjrojava.net\/?p=9413","title":{"rendered":"Li Gund\u00ea Xalidiy\u00ea 2 Tang\u00ean \u00c7eteyan Hatin R\u00fbxandin"},"content":{"rendered":"<p><strong>Lezg\u00een:<\/strong><\/p>\n<p>Li derdora gund\u00ea xaldiy\u00ea ya gir\u00eaday\u00ee Eyn \u00cesa \u015fervan\u00ean Berxwedana R\u00fbmet\u00ea \u00e7alakiyek bi bandor li hember\u00ee \u00e7etey\u00ean dewleta Tirk a dagirker p\u00eak an\u00een. Di encam\u00ea de 2 tang\u00ean dijmin hatin r\u00fbxandin \u00fb her wiha li gor agahiyan h\u00eajmara kust\u00ee \u00fb bir\u00eendaran 15&#8242; ye.<\/p>\n<p><strong>Navenda Ragihandina YPJ<\/strong><\/p>\n<p><strong>16.10.2019-Eyin \u00cesa<\/strong><\/p>\n","protected":false},"excerpt":{"rendered":"<p>Lezg\u00een: Li derdora gund\u00ea xaldiy\u00ea ya gir\u00eaday\u00ee Eyn \u00cesa \u015fervan\u00ean Berxwedana R\u00fbmet\u00ea \u00e7alakiyek bi bandor li hember\u00ee \u00e7etey\u00ean dewleta Tirk a dagirker p\u00eak an\u00een. Di encam\u00ea de 2 tang\u00ean dijmin hatin r\u00fbxandin \u00fb her wiha li gor agahiyan h\u00eajmara kust\u00ee \u00fb bir\u00eendaran 15&#8242; ye. Navenda Ragihandina YPJ 16.10.2019-Eyin \u00cesa<\/p>\n","protected":false},"author":1,"featured_media":15265,"comment_status":"closed","ping_status":"closed","sticky":false,"template":"","format":"standard","meta":{"footnotes":""},"categories":[38],"tags":[],"class_list":{"0":"post-9413","1":"post","2":"type-post","3":"status-publish","4":"format-standard","5":"has-post-thumbnail","7":"category-nuce"},"_links":{"self":[{"href":"https:\/\/ypjrojava.net\/index.php?rest_route=\/wp\/v2\/posts\/9413","targetHints":{"allow":["GET"]}}],"collection":[{"href":"https:\/\/ypjrojava.net\/index.php?rest_route=\/wp\/v2\/posts"}],"about":[{"href":"https:\/\/ypjrojava.net\/index.php?rest_route=\/wp\/v2\/types\/post"}],"author":[{"embeddable":true,"href":"https:\/\/ypjrojava.net\/index.php?rest_route=\/wp\/v2\/users\/1"}],"replies":[{"embeddable":true,"href":"https:\/\/ypjrojava.net\/index.php?rest_route=%2Fwp%2Fv2%2Fcomments&post=9413"}],"version-history":[{"count":1,"href":"https:\/\/ypjrojava.net\/index.php?rest_route=\/wp\/v2\/posts\/9413\/revisions"}],"predecessor-version":[{"id":9415,"href":"https:\/\/ypjrojava.net\/index.php?rest_route=\/wp\/v2\/posts\/9413\/revisions\/9415"}],"wp:featuredmedia":[{"embeddable":true,"href":"https:\/\/ypjrojava.net\/index.php?rest_route=\/wp\/v2\/media\/15265"}],"wp:attachment":[{"href":"https:\/\/ypjrojava.net\/index.php?rest_route=%2Fwp%2Fv2%2Fmedia&parent=9413"}],"wp:term":[{"taxonomy":"category","embeddable":true,"href":"https:\/\/ypjrojava.net\/index.php?rest_route=%2Fwp%2Fv2%2Fcategories&post=9413"},{"taxonomy":"post_tag","embeddable":true,"href":"https:\/\/ypjrojava.net\/index.php?rest_route=%2Fwp%2Fv2%2Ftags&post=9413"}],"curies":[{"name":"wp","href":"https:\/\/api.w.org\/{rel}","templated":true}]}}