{"id":9421,"date":"2019-10-17T05:54:36","date_gmt":"2019-10-17T05:54:36","guid":{"rendered":"https:\/\/ypjrojava.net\/?p=9421"},"modified":"2022-07-03T05:43:57","modified_gmt":"2022-07-03T05:43:57","slug":"li-hemberi-dagirkeri-u-erisen-hovane-berxwedana-rumete-didome","status":"publish","type":"post","link":"https:\/\/ypjrojava.net\/?p=9421","title":{"rendered":"Li Hember\u00ee Dagirker\u00ee \u00fb \u00cari\u015f\u00ean Hovane Berxwedana R\u00fbmet\u00ea Didome"},"content":{"rendered":"<p><strong>LEZG\u0130N:<\/strong><\/p>\n<p>Li Ser\u00ea Kaniy\u00ea ji \u015fev\u00ea din \u00fb vir de \u00eari\u015fa art\u00ea\u015fa dewleta dagirker \u00a0a Tirk b\u00ea navber berdewam dike. Hem \u00eari\u015f\u00ean bejah\u00ee hem j\u00ee \u00eari\u015f\u00ean haway\u00ee heta van k\u00ealiyan didomin. Dewleta dagirker a Tirk\u00a0 di van \u00eari\u015fan de ji bombebarana hawayi, \u00e7ek\u00ean giran, hawan \u00fb ob\u00fbsan bikart\u00eene. \u015eervan\u00ean YPG\/YPJ \u00fb QSD li hember\u00ee hem\u00fb hov\u00eetiya art\u00ea\u015fa Erdoxan, bi \u00e7ek\u00ean xwe y\u00ean ferd\u00ee \u00fb b\u00eer \u00fb baweriya xwe bersiv didin \u00fb berxwedaneke dirok\u00ee diniv\u00eesin.<\/p>\n<p>Di \u015fer\u00ea duh \u015fev de di encama berxwedaniya \u015fervanan de gelek ku\u015ft\u00ee \u00fb bir\u00eendar\u00ea dijmin \u00e7\u00eab\u00fbn e.<\/p>\n<p>Berxwedana \u015fervan\u00ean YPG\/YPJ \u00fb QSD nah\u00eale dijmin xwe big\u00eehij\u00eene Navenda baj\u00ear. \u015eer niha tax\u00ean destp\u00eak\u00ea y\u00ean baj\u00ear \u00a0de berdewame \u00fb derb\u00ean giran li dijmin hatiye xistin.<\/p>\n<p>Li gund\u00ea Alya giredayi Til Temir \u015fer disa qewim\u00ee. Gund\u00ea Menacir gir\u00eaday\u00ee Ser\u00ea Kaniy\u00ea j\u00ee \u015fer \u00fb pev\u00e7\u00fbn berdewam e. Art\u00ea\u015fa Tirk bi koordineya teyyarey\u00ean ke\u015ff\u00ea \u00fb bi balafir\u00ean \u015fer her du gundan bombebaran dike. Di k\u00ealiy\u00ean dem\u00ea p\u00ea\u015f de agah\u00eey\u00ean hin berfirehtir w\u00ea were parve kirin.<\/p>\n<p><strong>Navenda Ragihandina YPJ&#8217;\u00ea<\/strong><\/p>\n<p><strong>Ser\u00ea Kaniy\u00ea &#8211; 17.10.2019<\/strong><\/p>\n<p>&nbsp;<\/p>\n","protected":false},"excerpt":{"rendered":"<p>LEZG\u0130N: Li Ser\u00ea Kaniy\u00ea ji \u015fev\u00ea din \u00fb vir de \u00eari\u015fa art\u00ea\u015fa dewleta dagirker \u00a0a Tirk b\u00ea navber berdewam dike. Hem \u00eari\u015f\u00ean bejah\u00ee hem j\u00ee \u00eari\u015f\u00ean haway\u00ee heta van k\u00ealiyan didomin. Dewleta dagirker a Tirk\u00a0 di van \u00eari\u015fan de ji bombebarana hawayi, \u00e7ek\u00ean giran, hawan \u00fb ob\u00fbsan bikart\u00eene. \u015eervan\u00ean YPG\/YPJ \u00fb QSD li hember\u00ee hem\u00fb [&hellip;]<\/p>\n","protected":false},"author":1,"featured_media":14798,"comment_status":"closed","ping_status":"closed","sticky":false,"template":"","format":"standard","meta":{"footnotes":""},"categories":[38],"tags":[],"class_list":{"0":"post-9421","1":"post","2":"type-post","3":"status-publish","4":"format-standard","5":"has-post-thumbnail","7":"category-nuce"},"_links":{"self":[{"href":"https:\/\/ypjrojava.net\/index.php?rest_route=\/wp\/v2\/posts\/9421","targetHints":{"allow":["GET"]}}],"collection":[{"href":"https:\/\/ypjrojava.net\/index.php?rest_route=\/wp\/v2\/posts"}],"about":[{"href":"https:\/\/ypjrojava.net\/index.php?rest_route=\/wp\/v2\/types\/post"}],"author":[{"embeddable":true,"href":"https:\/\/ypjrojava.net\/index.php?rest_route=\/wp\/v2\/users\/1"}],"replies":[{"embeddable":true,"href":"https:\/\/ypjrojava.net\/index.php?rest_route=%2Fwp%2Fv2%2Fcomments&post=9421"}],"version-history":[{"count":1,"href":"https:\/\/ypjrojava.net\/index.php?rest_route=\/wp\/v2\/posts\/9421\/revisions"}],"predecessor-version":[{"id":9423,"href":"https:\/\/ypjrojava.net\/index.php?rest_route=\/wp\/v2\/posts\/9421\/revisions\/9423"}],"wp:featuredmedia":[{"embeddable":true,"href":"https:\/\/ypjrojava.net\/index.php?rest_route=\/wp\/v2\/media\/14798"}],"wp:attachment":[{"href":"https:\/\/ypjrojava.net\/index.php?rest_route=%2Fwp%2Fv2%2Fmedia&parent=9421"}],"wp:term":[{"taxonomy":"category","embeddable":true,"href":"https:\/\/ypjrojava.net\/index.php?rest_route=%2Fwp%2Fv2%2Fcategories&post=9421"},{"taxonomy":"post_tag","embeddable":true,"href":"https:\/\/ypjrojava.net\/index.php?rest_route=%2Fwp%2Fv2%2Ftags&post=9421"}],"curies":[{"name":"wp","href":"https:\/\/api.w.org\/{rel}","templated":true}]}}