{"id":9428,"date":"2019-10-17T10:18:30","date_gmt":"2019-10-17T10:18:30","guid":{"rendered":"https:\/\/ypjrojava.net\/?p=9428"},"modified":"2022-06-21T13:15:44","modified_gmt":"2022-06-21T13:15:44","slug":"ew-reheval-u-nucegihana-rojen-zor-bu","status":"publish","type":"post","link":"https:\/\/ypjrojava.net\/?p=9428","title":{"rendered":"Ew, R\u00eaheval \u00fb N\u00fb\u00e7eg\u00eehana Roj\u00ean Zor B\u00fb"},"content":{"rendered":"<p>Em di \u015fexs\u00ea l\u00eager\u00eenvana heq\u00eeqet\u00ea,\u00a0 \u015fopdara Rohenda \u00fb \u015feh\u00eed\u00ean berxwedana R\u00fbmet\u00ea de hevr\u00eaya xwe ya teko\u015f\u00eener Dilovan Gever bi b\u00eert\u00eenin. Em soz didin heya daw\u00ee em \u00ea li ser r\u00eaya ku w\u00ea di oxir\u00ea de can\u00ea xwe feda kir\u00ee bime\u015fin.\u00a0 Em ji hem\u00fb gel\u00ea me y\u00ea berxwed\u00ear, \u015fervan\u00ean heq\u00eeqet\u00ea \u00fb malbata hevr\u00eaya xwe re sersax\u00ee dixwezin \u00fb \u2018w\u00ea berxwedan\u00ee, gel\u00ea me bibe serkeftin e.\u2019<\/p>\n<p>Dewleta dagirker, di 9\u2019\u00ea Cotmeha 2019\u2019an de tevgera dagirkeriy\u00ea li ser Bak\u00fbr-Rojhilat\u00ea S\u00fbriy\u00ea dest p\u00ea kir. Li hember\u00ee v\u00ea tevgera dagirkeriy\u00ea, ke\u00e7 \u00fb xort\u00ean berxwed\u00ear y\u00ean gel\u00ea Bak\u00fbr-Rojhilat\u00ee S\u00fbriy\u00ea biryardariya parastina welat \u00fb gel\u00ea xwe dan. Ev berxwedana R\u00fbmet\u00ea kete roja xwe ya 9 m\u00een. R\u00eahevala Me Dilovan, ji bo kiryar\u00ean dagirkeriya dewleta Tirk ya li ser gel\u00ea w\u00ea p\u00ea\u015fdikevin bi\u015fop\u00eene di roja yekem\u00een ya berxwedan\u00ea de ber\u00ea xwe da her\u00eama Firat\u00ea, bajar\u00ea Gir\u00ea Sp\u00ee.<\/p>\n<p>Hevr\u00ea Dilovan, ji bajar\u00ea Gever\u00ea ye, di sala 2014\u2019an de, dema \u00e7etey\u00ean DAI\u015e\u2019\u00ea \u00ear\u00ee\u015f\u00ee Koban\u00ea kirin, li ser banga seferberiya ji bo Koban\u00ea ji zan\u00eengeh\u00ea ber\u00ea xwe da Rojavay\u00ee Kurdistan\u00ea. Di \u015fer\u00ea Koban\u00ea \u00fb heya rizgarkirina w\u00ea de cih\u00ea xwe di \u00e7eperan de girt. N\u00eaz\u00ee salek\u00ea di kar\u00ea her\u00ee zor y\u00ea nexwe\u015fxan\u00ea kar\u00ea morg\u00ea de ma. Bi dilek\u00ee w\u00earek bi sekneke bi biryar di v\u00ea kar\u00ee de b\u00fb nobedara r\u00eaheval\u00ean xwe y\u00ean \u015feh\u00eed. Hov\u00eetiya \u00e7etan \u00fb dagirkeriy\u00ea dewleta Tirk ya li Efr\u00een \u00fb cih\u00ean din di heval Dilovan de h\u00ears \u00fb k\u00eeneke mezin dab\u00fb \u00e7\u00eakirin.<\/p>\n<p>\u015eopdara heq\u00eeqet\u00ea ev n\u00eaz\u00ee 3 sal b\u00fb di xebat\u00ean me y\u00ea ragihandin\u00ea de cih digirt. Ji bo di v\u00ea xebat\u00ea de bi erk \u00fb berpirsyariy\u00ean xwe rabe, gelek ked \u00fb hewldan p\u00ea\u015fxist. Li D\u00earezor\u00ea di operesyona \u015fer\u00ea qedandina DAI\u015e\u2019\u00ea de weke n\u00fb\u00e7eg\u00eehan be\u015fdar b\u00fb. \u015eahid\u00ee ji her k\u00ealiya \u015fer \u00fb berxwedana \u015fervan\u00ean YPJ\u2019\u00ea re kir, ew\u00a0 bi kameraya xwe ve \u00fb deng\u00ea wan ji hem\u00fb c\u00eehan\u00ea re rag\u00eehand. Ew di k\u00ealiy\u00ean her\u00ee xeter da, di senger\u00ean her\u00ee p\u00ea\u015f y\u00ean \u015fer de li gel \u015fervan\u00ean YPJ\u2019\u00ea b\u00fb. Carina bi kamereya xwe \u00fb carina j\u00ee bi \u00e7eka xwe di \u00e7eperan de li gel r\u00eaheval\u00ean xwe b\u00fb. W\u00ea bi v\u00ea dil\u00ea xwe y\u00ea w\u00earek \u00fb gir\u00eadana bi hevaltiy\u00ea re nav\u00ea xwe di dil\u00ea me de niv\u00eesand. R\u00eahevala me Dilovan, bi v\u00ea b\u00eer \u00fb baweriy\u00ea 5 sal\u00ean t\u00ear \u00fb tije di \u015fore\u015fa mirovahiy\u00ea de derbas kirin. W\u00ea bi teko\u015f\u00een \u00fb berxwedana gel\u00ean Bak\u00fbr\u00ea-Rojhilat\u00ea S\u00fbriy\u00ea dime\u015f\u00eene her tim bawer kir \u00fb ji bo bibe per\u00e7eyek ji v\u00ea teko\u015f\u00een\u00ea jiyan kir. Bi zaneb\u00fbna bibe deng\u00ea teko\u015f\u00een, jiyan \u00fb qehremaniya \u015fervan\u00ean YPJ\u2019\u00ea kamereya xwe rakir \u00fb qad bi qad b\u00fb m\u00eavan\u00ea hest, fikir \u00fb dil\u00ea \u015fervan\u00ean YPJ\u2019\u00ea.<\/p>\n<p>Hevr\u00ea Dilovan b\u00fb \u015fopdara Agir\u00ee, Eyl\u00fbl, \u015e\u00eelan, Ar\u00een \u00fb Rohenda yan. W\u00ea me\u015fa xwe ya \u015fore\u015f\u00ea di r\u00eaya \u015feh\u00eed\u00ean Koban\u00ea de dest p\u00ea kir. Her tim gir\u00eadaniya xwe ya bi bajar\u00ea Koban\u00ea re wiha t\u00eena ziman: \u201cKoban\u00ea ji bo min pir cuda ye. Ez ji Bajar\u00ea Koban\u00ea me, dema ez t\u00eam Koban\u00ea ez xwe di bajar\u00ea \u015feh\u00eedan de h\u00ees dikim. Min li Koban\u00ea, rastiya dijmin, rastiya \u015fer, hevalt\u00ee, jiyana azad \u00fb mirov\u00ean her\u00ee bedew di dinyay\u00ea de nas kirin.\u201d<\/p>\n<p>R\u00eaheval Dilovan, ji 9\u2019\u00ea Cotmeh\u00ea heya 13 Cotmeh\u00ea \u015fer \u00fb pev\u00e7\u00fbn\u00ean li Gir\u00ea Sp\u00ee di\u015fopand. Dewleta Tirk di 13\u2019\u00ea meh\u00ea de dema ku \u00ear\u00ee\u015f\u00ean xwe li ser Gir\u00ea Sp\u00ee giran kirin, ew tev\u00ee komek hevalan di encama \u00ear\u00ee\u015fa topbarana balafir\u00ean \u015fer de g\u00eehi\u015ft \u015fahadet e.<\/p>\n<p>Em li ser v\u00ea bingeh\u00ea r\u00eaheval \u00fb n\u00fb\u00e7eg\u00eehana dem\u00ean zor careke din bi b\u00eert\u00eenin. Bi v\u00ea b\u00eer \u00fb baweriy\u00ea em soz didin hevr\u00ea Dilovan em \u00ea kamera \u00fb \u00e7eka w\u00ea ya ji bo g\u00eehandina rastiyan her di dest\u00ea xwe de bigrin. Careke din em sersax\u00ee ji gel\u00ea me y\u00ea berxwed\u00ear \u00fb malbata heval Dilovan re dixwezin \u00fb dib\u00eajin \u2018w\u00ea berxwedan\u00ee, gel\u00ea me bibe serkeftin e.\u2019<\/p>\n<p><strong>Nasnameya r\u00eahevala me ya \u015feh\u00eed wiha ye;<\/strong><\/p>\n<p>&nbsp;<\/p>\n<p><img loading=\"lazy\" decoding=\"async\" class=\"alignnone size-medium wp-image-9429\" src=\"http:\/\/ypjrojava.net\/wp-content\/uploads\/2019\/10\/DILOVAN-GEVER-2-215x300.jpg\" alt=\"\" width=\"215\" height=\"300\" srcset=\"https:\/\/ypjrojava.net\/wp-content\/uploads\/2019\/10\/DILOVAN-GEVER-2-215x300.jpg 215w, https:\/\/ypjrojava.net\/wp-content\/uploads\/2019\/10\/DILOVAN-GEVER-2-733x1024.jpg 733w, https:\/\/ypjrojava.net\/wp-content\/uploads\/2019\/10\/DILOVAN-GEVER-2.jpg 751w\" sizes=\"auto, (max-width: 215px) 100vw, 215px\" \/><\/p>\n<p><strong>Nav \u00fb Pa\u015fnav<\/strong>: DILOVAN GEVER<\/p>\n<p><strong>Nav\u00ea Rast \u00fb Pa\u015fnav:<\/strong> D\u00ceLAN \u00d6LMEZ<\/p>\n<p><strong>Nav\u00ea Dayik:<\/strong> \u015e\u00dbKRAN<\/p>\n<p><strong>Nav\u00ea Bav:<\/strong> ABDULLAH<\/p>\n<p><strong>Cih \u00fb D\u00eeroka Tevl\u00eeb\u00fbn\u00ea<\/strong>: KOBAN\u00ca- 2014<\/p>\n<p><strong>Cih \u00fb D\u00eeroka \u015eehadet\u00ea<\/strong>: GIR\u00ca SP\u00ce-13.10.2019<\/p>\n<p>&nbsp;<\/p>\n<p><strong>Navenda Ragihandin \u00fb \u00c7apemeniya YPJ <\/strong><\/p>\n<p><strong>17.10.2019<\/strong><\/p>\n<p>&nbsp;<\/p>\n","protected":false},"excerpt":{"rendered":"<p>Em di \u015fexs\u00ea l\u00eager\u00eenvana heq\u00eeqet\u00ea,\u00a0 \u015fopdara Rohenda \u00fb \u015feh\u00eed\u00ean berxwedana R\u00fbmet\u00ea de hevr\u00eaya xwe ya teko\u015f\u00eener Dilovan Gever bi b\u00eert\u00eenin. Em soz didin heya daw\u00ee em \u00ea li ser r\u00eaya ku w\u00ea di oxir\u00ea de can\u00ea xwe feda kir\u00ee bime\u015fin.\u00a0 Em ji hem\u00fb gel\u00ea me y\u00ea berxwed\u00ear, \u015fervan\u00ean heq\u00eeqet\u00ea \u00fb malbata hevr\u00eaya xwe re sersax\u00ee [&hellip;]<\/p>\n","protected":false},"author":1,"featured_media":14098,"comment_status":"closed","ping_status":"closed","sticky":false,"template":"","format":"standard","meta":{"footnotes":""},"categories":[39],"tags":[],"class_list":{"0":"post-9428","1":"post","2":"type-post","3":"status-publish","4":"format-standard","5":"has-post-thumbnail","7":"category-daxuyani"},"_links":{"self":[{"href":"https:\/\/ypjrojava.net\/index.php?rest_route=\/wp\/v2\/posts\/9428","targetHints":{"allow":["GET"]}}],"collection":[{"href":"https:\/\/ypjrojava.net\/index.php?rest_route=\/wp\/v2\/posts"}],"about":[{"href":"https:\/\/ypjrojava.net\/index.php?rest_route=\/wp\/v2\/types\/post"}],"author":[{"embeddable":true,"href":"https:\/\/ypjrojava.net\/index.php?rest_route=\/wp\/v2\/users\/1"}],"replies":[{"embeddable":true,"href":"https:\/\/ypjrojava.net\/index.php?rest_route=%2Fwp%2Fv2%2Fcomments&post=9428"}],"version-history":[{"count":3,"href":"https:\/\/ypjrojava.net\/index.php?rest_route=\/wp\/v2\/posts\/9428\/revisions"}],"predecessor-version":[{"id":14099,"href":"https:\/\/ypjrojava.net\/index.php?rest_route=\/wp\/v2\/posts\/9428\/revisions\/14099"}],"wp:featuredmedia":[{"embeddable":true,"href":"https:\/\/ypjrojava.net\/index.php?rest_route=\/wp\/v2\/media\/14098"}],"wp:attachment":[{"href":"https:\/\/ypjrojava.net\/index.php?rest_route=%2Fwp%2Fv2%2Fmedia&parent=9428"}],"wp:term":[{"taxonomy":"category","embeddable":true,"href":"https:\/\/ypjrojava.net\/index.php?rest_route=%2Fwp%2Fv2%2Fcategories&post=9428"},{"taxonomy":"post_tag","embeddable":true,"href":"https:\/\/ypjrojava.net\/index.php?rest_route=%2Fwp%2Fv2%2Ftags&post=9428"}],"curies":[{"name":"wp","href":"https:\/\/api.w.org\/{rel}","templated":true}]}}