{"id":9439,"date":"2019-10-17T13:23:26","date_gmt":"2019-10-17T13:23:26","guid":{"rendered":"https:\/\/ypjrojava.net\/?p=9439"},"modified":"2022-07-03T05:37:45","modified_gmt":"2022-07-03T05:37:45","slug":"li-qeleya-berxwedane-serekaniye","status":"publish","type":"post","link":"https:\/\/ypjrojava.net\/?p=9439","title":{"rendered":"Li Qeleya Berxwedan\u00ea &#8216;Ser\u00eakaniy\u00ea&#8217;"},"content":{"rendered":"<p><strong>Lezg\u00een:\u00a0<\/strong><\/p>\n<p>Li Qaleya Berxwedan\u00ea Ser\u00eakaniy\u00ea\u015fer her ku di\u00e7e dijwar dibe. Ar\u00ea\u015fa Tirk hem\u00fb derfet\u00ean xwe xistiye \u00fb eri\u015f\u00ee Navenda baj\u00ear dike. \u015eervan\u00ean QSD&#8217;\u00ea Berxwedaneke mezin didin \u00fb nah\u00ealin Art\u00ea\u015fa Tirk \u00fb \u00e7etey\u00ean w\u00ee t\u00eakevin navenda baj\u00ear.<\/p>\n<p>&nbsp;<\/p>\n<p><strong>Navendar Ragihandina YPJ<\/strong><\/p>\n<p><strong>17.10.2019<\/strong><\/p>\n","protected":false},"excerpt":{"rendered":"<p>Lezg\u00een:\u00a0 Li Qaleya Berxwedan\u00ea Ser\u00eakaniy\u00ea\u015fer her ku di\u00e7e dijwar dibe. Ar\u00ea\u015fa Tirk hem\u00fb derfet\u00ean xwe xistiye \u00fb eri\u015f\u00ee Navenda baj\u00ear dike. \u015eervan\u00ean QSD&#8217;\u00ea Berxwedaneke mezin didin \u00fb nah\u00ealin Art\u00ea\u015fa Tirk \u00fb \u00e7etey\u00ean w\u00ee t\u00eakevin navenda baj\u00ear. &nbsp; Navendar Ragihandina YPJ 17.10.2019<\/p>\n","protected":false},"author":1,"featured_media":14797,"comment_status":"closed","ping_status":"closed","sticky":false,"template":"","format":"standard","meta":{"footnotes":""},"categories":[38],"tags":[],"class_list":{"0":"post-9439","1":"post","2":"type-post","3":"status-publish","4":"format-standard","5":"has-post-thumbnail","7":"category-nuce"},"_links":{"self":[{"href":"https:\/\/ypjrojava.net\/index.php?rest_route=\/wp\/v2\/posts\/9439","targetHints":{"allow":["GET"]}}],"collection":[{"href":"https:\/\/ypjrojava.net\/index.php?rest_route=\/wp\/v2\/posts"}],"about":[{"href":"https:\/\/ypjrojava.net\/index.php?rest_route=\/wp\/v2\/types\/post"}],"author":[{"embeddable":true,"href":"https:\/\/ypjrojava.net\/index.php?rest_route=\/wp\/v2\/users\/1"}],"replies":[{"embeddable":true,"href":"https:\/\/ypjrojava.net\/index.php?rest_route=%2Fwp%2Fv2%2Fcomments&post=9439"}],"version-history":[{"count":1,"href":"https:\/\/ypjrojava.net\/index.php?rest_route=\/wp\/v2\/posts\/9439\/revisions"}],"predecessor-version":[{"id":9441,"href":"https:\/\/ypjrojava.net\/index.php?rest_route=\/wp\/v2\/posts\/9439\/revisions\/9441"}],"wp:featuredmedia":[{"embeddable":true,"href":"https:\/\/ypjrojava.net\/index.php?rest_route=\/wp\/v2\/media\/14797"}],"wp:attachment":[{"href":"https:\/\/ypjrojava.net\/index.php?rest_route=%2Fwp%2Fv2%2Fmedia&parent=9439"}],"wp:term":[{"taxonomy":"category","embeddable":true,"href":"https:\/\/ypjrojava.net\/index.php?rest_route=%2Fwp%2Fv2%2Fcategories&post=9439"},{"taxonomy":"post_tag","embeddable":true,"href":"https:\/\/ypjrojava.net\/index.php?rest_route=%2Fwp%2Fv2%2Ftags&post=9439"}],"curies":[{"name":"wp","href":"https:\/\/api.w.org\/{rel}","templated":true}]}}