{"id":9479,"date":"2019-10-17T19:00:10","date_gmt":"2019-10-17T19:00:10","guid":{"rendered":"https:\/\/ypjrojava.net\/?p=9479"},"modified":"2022-06-22T05:12:15","modified_gmt":"2022-06-22T05:12:15","slug":"ji-bo-raya-gisti-2","status":"publish","type":"post","link":"https:\/\/ypjrojava.net\/?p=9479","title":{"rendered":"Ji Bo Raya Gi\u015ft\u00ee"},"content":{"rendered":"<p><strong>Encam<\/strong><strong>\u00ean \u015fer <\/strong><strong>\u00fb berxwedana roja 9em\u00een li rojavay<\/strong><strong>\u00ea Kurdistan<\/strong><strong>\u00ea \u00fb bak<\/strong><strong>\u00fbr<\/strong><strong>\u00ea S<\/strong><strong>\u00fbriy<\/strong><strong>\u00ea<\/strong><\/p>\n<p>Art\u00ea\u015fa Tirk a dagirker \u00fb kom\u00ean \u00e7ete, bi bombebaran \u00fb topbaranek\u00ee dijwar \u00ear\u00ee\u015f\u00ean xwe y\u00ean qirkirin\u00ea li ser her\u00eam\u00ean bakur \u00fb rojhilat\u00ea Suriy\u00ea bi \u015f\u00eawazek\u00ee hovane berdewam kirin. H\u00eaz\u00ean me di \u00e7ar\u00e7oveya parastina her\u00eaman \u00fb siv\u00eelan de li dij\u00ee \u00ear\u00ee\u015fan bersiv\u00ean xurt dan.<\/p>\n<p><strong>D<\/strong><strong>\u00earik<\/strong><strong>\u00a0<\/strong><\/p>\n<p>Art\u00ea\u015fa Tirk a dagirker \u00fb \u00e7etey\u00ean gir\u00eaday\u00ee w\u00ea gund\u00ean Kan\u00ee Ne\u2019im\u00ea, Qesir D\u00eeb \u00fb her wiha gundewar\u00ean D\u00earik\u00ea bi awayek\u00ee b\u00ea ser\u00fbber topbaran kirin.<\/p>\n<p><strong>Amud<\/strong><strong>\u00ea<\/strong><\/p>\n<p>Art\u00ea\u015fa Tirk a dagirker di seet 17:00an de gund\u00ea Xanika dan ber guleyan \u00fb bi dijwar\u00ee topbaran kirin. Di topbaran\u00ea de 2 siv\u00eel bir\u00eendar b\u00fbn \u00fb siv\u00eelek \u015feh\u00eed ket. Her wiha h\u00eaz\u00ean me bi awayek\u00ee tund bersiv\u00ea baregeha ku \u00ear\u00ee\u015f j\u00ea hat.<\/p>\n<p><strong>Ser<\/strong><strong>\u00eakaniy<\/strong><strong>\u00ea<\/strong><\/p>\n<p>\u015eev\u00ea din art\u00ea\u015fa Tirk a\u00a0 dagirker \u00fb \u00e7etey\u00ean w\u00ea bi hem\u00fb tekn\u00eeka xwe y\u00ea p\u00ea\u015fket\u00ee, bi balafir \u00fb \u00e7ek\u00ean giran ve li s\u00ea aliy\u00ean baj\u00ear \u00ear\u00ee\u015fek\u00ee dijwar him ji mil\u00ea bejah\u00ee \u00fb him j\u00ee haway\u00ee an\u00een ser bajar. Di encama bersivdana \u015fervan\u00ean me de ev \u00ear\u00ee\u015f hatin \u015fikandin. Di hem\u00fb tax\u00ean bajar de \u00ear\u00ee\u015f\u00ean balafir\u00ean \u015fer \u00ean art\u00ea\u015fa dagirker p\u00eak hatin. Bi taybet li her\u00eama derdora nexwe\u015fxaneya bajar \u015fer \u00fb pev\u00e7\u00fbn\u00ean giran qewim\u00een.<\/p>\n<p>Di \u00e7ar\u00e7oveya bersivdana \u015fervan\u00ean me de gund\u00ea Menac\u00eer hat paqij kirin \u00fb li gund\u00ea M\u00eerindiya \u015fer bi dijwar\u00ee berdewam dike. Li rojhilat\u00ea Ser\u00eakan\u00ee li gund\u00ea Elok li 2 aliy\u00ean gund \u015ferek\u00ee dijwar qewim\u00ee \u00fb \u00ear\u00ee\u015f hat \u015fikandin.<\/p>\n<p><strong>Aliya<\/strong><\/p>\n<p>Dem bi dem \u015fer\u00ean dijwar bi \u00e7ek\u00ean giran r\u00fb dan. Li gund\u00ea Elne\u2019\u00eem \u015fervanan bersivek\u00ee xurt dan er\u00ee\u015f\u00ean dagirkeran. Di encama \u00e7alakiy\u00ea de 5 \u00e7ete hatin ku\u015ftin.<\/p>\n<p><strong>Eyn \u00cesa <\/strong><strong>\u00fb \u00c7elebiy<\/strong><strong>\u00ea<\/strong><\/p>\n<p>Di seet\u00ean sibeh\u00ea de \u00e7etey\u00ean art\u00ea\u015fa dagirker hewl da di gund\u00ea \u00c7elebiy\u00ea de kontrola xwe \u00e7\u00eabike. Li ser bersivdana \u015fervan\u00ean me ev \u00ear\u00ee\u015f vala hatin derxistin. Heya \u00eavar\u00ea c\u00eeh bi c\u00eeh pev\u00e7\u00fbn berdewam kir. Di encam de dan\u00ea \u00eavar\u00ea gund ji \u00e7eteyan hate paqijkrin. \u015eervan\u00ean me li gund\u00ean Eb\u00fb Sexra \u00fb Meheta y\u00ean li bak\u00fbr\u00ea Eyn \u00cesa 2 tank \u00fb 3 seyarey\u00ean le\u015fker\u00ee y\u00ean art\u00ea\u015fa dagirker r\u00fbxandin. Di encama \u015fer de her\u00ee k\u00eam 30 \u00e7ete hatin ku\u015ftin. Herwiha \u015fervan\u00ean me li gund\u00ean Kendal\u00ea, Yaroda, Besta \u00fb bak\u00fbr\u00ea bajaroka Eyn \u00cesa li dij\u00ee dagirkeran 4 \u00e7alak\u00ee p\u00eak an\u00een. Di encama \u00e7alakiyan de her\u00ee k\u00eam \u00e7eteyek hat ku\u015ftin, bi dehan \u00e7ete br\u00eendar b\u00fbn. Di \u00e7alakiyan de 2 BNB \u00fb ma\u015f\u00eeneyek kar hate r\u00fbxandin.<\/p>\n<p><strong>Gir<\/strong><strong>\u00ea Sp\u00ee<\/strong><\/p>\n<p>Li her\u00eam\u00ea \u015fer \u00fb pev\u00e7\u00fbn\u00ean giran qewim\u00een. \u015eervan\u00ean me li gund\u00ean Tirwaziy\u00ea, S\u00fbsik\u00ea, Xirbet Faris \u00fb li her\u00eam\u00ean derdora Gir\u00ea Sp\u00ee \u00e7alakiy\u00ean bi bandor p\u00eak an\u00een. Di encama \u00e7alakiyan de her\u00ee k\u00eam 10 \u00e7ete hatin ku\u015ftin, hejmarek z\u00eade \u00c7ete j\u00ee br\u00eendar b\u00fbn. Herwiha ma\u015f\u00eeneyek kar, panzerek, seyareyek le\u015fker\u00ee \u00fb cebilxaneya \u00e7etey\u00ean art\u00ea\u015fa dagirker hatin r\u00fbxandin. D\u00eesa 2 s\u00eev\u00eel li ser r\u00eaya navdewlet\u00ee di encama topbarana art\u00ea\u015fa dagirker de \u015feh\u00eed ketin.<\/p>\n<p><strong>Koban\u00ee<\/strong><\/p>\n<p>Pi\u015ft\u00ee \u00ear\u00ee\u015f\u00ean art\u00ea\u015fa dagirker, \u015fervan\u00ean me di \u00e7ar\u00e7oveya parastina rewa de bersiv dan \u00fb baregeheke art\u00ea\u015fa dagirker hedef girtin. Di encama \u00e7alakiy\u00ea de 2 le\u015fker hatin ku\u015ftin. Art\u00ea\u015fa dagirker bi hawanan \u00ear\u00ee\u015f bri ser gund\u00ea Zorava.<\/p>\n<p>Di encama \u015fer\u00ea 24 seatan de bi gi\u015ft\u00ee 50 le\u015fker \u00fb \u00e7ete hatin ku\u015ftin \u00fb 5 \u00e7ete j\u00ee bir\u00eendar b\u00fbn. Her wiha \u015fervan\u00ean me 2 tang, 1 BNB, 1 ma\u015f\u00eeneya kar \u00fb 1 panz\u00ear r\u00fbxandin. 7 seyarey\u00ean le\u015fkeri \u00fb zirx\u00ee hatin derb kirin.<\/p>\n<p>20 \u015fervan\u00ean me bi leheng\u00ee \u015fer kirin \u00fb \u015feh\u00eed ketin, 48 \u015fervan\u00ean me j\u00ee bir\u00eendar b\u00fbn.<\/p>\n<p><strong>\u00a0<\/strong><\/p>\n<p><strong>Navenda Ragihandina QSD<\/strong><\/p>\n<p><strong>17<\/strong><strong>\u00ea <\/strong><strong>Cotmeha 2019<\/strong><\/p>\n","protected":false},"excerpt":{"rendered":"<p>Encam\u00ean \u015fer \u00fb berxwedana roja 9em\u00een li rojavay\u00ea Kurdistan\u00ea \u00fb bak\u00fbr\u00ea S\u00fbriy\u00ea Art\u00ea\u015fa Tirk a dagirker \u00fb kom\u00ean \u00e7ete, bi bombebaran \u00fb topbaranek\u00ee dijwar \u00ear\u00ee\u015f\u00ean xwe y\u00ean qirkirin\u00ea li ser her\u00eam\u00ean bakur \u00fb rojhilat\u00ea Suriy\u00ea bi \u015f\u00eawazek\u00ee hovane berdewam kirin. H\u00eaz\u00ean me di \u00e7ar\u00e7oveya parastina her\u00eaman \u00fb siv\u00eelan de li dij\u00ee \u00ear\u00ee\u015fan bersiv\u00ean xurt dan. [&hellip;]<\/p>\n","protected":false},"author":1,"featured_media":14190,"comment_status":"closed","ping_status":"closed","sticky":false,"template":"","format":"standard","meta":{"footnotes":""},"categories":[39],"tags":[],"class_list":{"0":"post-9479","1":"post","2":"type-post","3":"status-publish","4":"format-standard","5":"has-post-thumbnail","7":"category-daxuyani"},"_links":{"self":[{"href":"https:\/\/ypjrojava.net\/index.php?rest_route=\/wp\/v2\/posts\/9479","targetHints":{"allow":["GET"]}}],"collection":[{"href":"https:\/\/ypjrojava.net\/index.php?rest_route=\/wp\/v2\/posts"}],"about":[{"href":"https:\/\/ypjrojava.net\/index.php?rest_route=\/wp\/v2\/types\/post"}],"author":[{"embeddable":true,"href":"https:\/\/ypjrojava.net\/index.php?rest_route=\/wp\/v2\/users\/1"}],"replies":[{"embeddable":true,"href":"https:\/\/ypjrojava.net\/index.php?rest_route=%2Fwp%2Fv2%2Fcomments&post=9479"}],"version-history":[{"count":1,"href":"https:\/\/ypjrojava.net\/index.php?rest_route=\/wp\/v2\/posts\/9479\/revisions"}],"predecessor-version":[{"id":9485,"href":"https:\/\/ypjrojava.net\/index.php?rest_route=\/wp\/v2\/posts\/9479\/revisions\/9485"}],"wp:featuredmedia":[{"embeddable":true,"href":"https:\/\/ypjrojava.net\/index.php?rest_route=\/wp\/v2\/media\/14190"}],"wp:attachment":[{"href":"https:\/\/ypjrojava.net\/index.php?rest_route=%2Fwp%2Fv2%2Fmedia&parent=9479"}],"wp:term":[{"taxonomy":"category","embeddable":true,"href":"https:\/\/ypjrojava.net\/index.php?rest_route=%2Fwp%2Fv2%2Fcategories&post=9479"},{"taxonomy":"post_tag","embeddable":true,"href":"https:\/\/ypjrojava.net\/index.php?rest_route=%2Fwp%2Fv2%2Ftags&post=9479"}],"curies":[{"name":"wp","href":"https:\/\/api.w.org\/{rel}","templated":true}]}}