{"id":9495,"date":"2019-10-18T05:41:12","date_gmt":"2019-10-18T05:41:12","guid":{"rendered":"https:\/\/ypjrojava.net\/?p=9495"},"modified":"2022-07-02T07:30:58","modified_gmt":"2022-07-02T07:30:58","slug":"ceteyen-dewleta-tirki-bi-ceken-ferdi-erisi-ceperen-servanen-qsde-dikin","status":"publish","type":"post","link":"https:\/\/ypjrojava.net\/?p=9495","title":{"rendered":"\u00c7etey\u00ean Dewleta Tirki Bi \u00c7ek\u00ean Ferd\u00ee \u00car\u00ee\u015f\u00ee \u00c7eper\u00ean\u00a0 \u015eervan\u00ean QSD&#8217;\u00ea Dikin"},"content":{"rendered":"<p><strong>Lezgin:<\/strong><\/p>\n<p>li kela berxwedan\u00ea, Ser\u00ea Kaniye li mile \u00c7ar R\u00eaya\u00a0 &#8220;dewara \u015eeh\u00eedan&#8221; ya ku n\u00eaz\u00eek\u00ee<span style=\"text-transform: initial;\">\u00a0 nexwe\u015fxan\u00ea ye, \u00e7etey\u00ean dewleta Tirki bi \u00e7ek\u00ean ferd\u00ee \u00ear\u00ee\u015f\u00ee \u00e7eper\u00ean\u00a0 \u015fervan\u00ean QSD&#8217;\u00ea dikin.<\/span><\/p>\n<p><strong>Navenda Ragihandina YPJ&#8217;\u00ea<\/strong><\/p>\n<p><strong>Ser\u00ea Kaniy\u00ea-18.10.2019<\/strong><\/p>\n","protected":false},"excerpt":{"rendered":"<p>Lezgin: li kela berxwedan\u00ea, Ser\u00ea Kaniye li mile \u00c7ar R\u00eaya\u00a0 &#8220;dewara \u015eeh\u00eedan&#8221; ya ku n\u00eaz\u00eek\u00ee\u00a0 nexwe\u015fxan\u00ea ye, \u00e7etey\u00ean dewleta Tirki bi \u00e7ek\u00ean ferd\u00ee \u00ear\u00ee\u015f\u00ee \u00e7eper\u00ean\u00a0 \u015fervan\u00ean QSD&#8217;\u00ea dikin. Navenda Ragihandina YPJ&#8217;\u00ea Ser\u00ea Kaniy\u00ea-18.10.2019<\/p>\n","protected":false},"author":1,"featured_media":14788,"comment_status":"closed","ping_status":"closed","sticky":false,"template":"","format":"standard","meta":{"footnotes":""},"categories":[38],"tags":[],"class_list":{"0":"post-9495","1":"post","2":"type-post","3":"status-publish","4":"format-standard","5":"has-post-thumbnail","7":"category-nuce"},"_links":{"self":[{"href":"https:\/\/ypjrojava.net\/index.php?rest_route=\/wp\/v2\/posts\/9495","targetHints":{"allow":["GET"]}}],"collection":[{"href":"https:\/\/ypjrojava.net\/index.php?rest_route=\/wp\/v2\/posts"}],"about":[{"href":"https:\/\/ypjrojava.net\/index.php?rest_route=\/wp\/v2\/types\/post"}],"author":[{"embeddable":true,"href":"https:\/\/ypjrojava.net\/index.php?rest_route=\/wp\/v2\/users\/1"}],"replies":[{"embeddable":true,"href":"https:\/\/ypjrojava.net\/index.php?rest_route=%2Fwp%2Fv2%2Fcomments&post=9495"}],"version-history":[{"count":1,"href":"https:\/\/ypjrojava.net\/index.php?rest_route=\/wp\/v2\/posts\/9495\/revisions"}],"predecessor-version":[{"id":9496,"href":"https:\/\/ypjrojava.net\/index.php?rest_route=\/wp\/v2\/posts\/9495\/revisions\/9496"}],"wp:featuredmedia":[{"embeddable":true,"href":"https:\/\/ypjrojava.net\/index.php?rest_route=\/wp\/v2\/media\/14788"}],"wp:attachment":[{"href":"https:\/\/ypjrojava.net\/index.php?rest_route=%2Fwp%2Fv2%2Fmedia&parent=9495"}],"wp:term":[{"taxonomy":"category","embeddable":true,"href":"https:\/\/ypjrojava.net\/index.php?rest_route=%2Fwp%2Fv2%2Fcategories&post=9495"},{"taxonomy":"post_tag","embeddable":true,"href":"https:\/\/ypjrojava.net\/index.php?rest_route=%2Fwp%2Fv2%2Ftags&post=9495"}],"curies":[{"name":"wp","href":"https:\/\/api.w.org\/{rel}","templated":true}]}}