{"id":9505,"date":"2019-10-18T09:28:39","date_gmt":"2019-10-18T09:28:39","guid":{"rendered":"https:\/\/ypjrojava.net\/?p=9505"},"modified":"2022-07-02T06:36:07","modified_gmt":"2022-07-02T06:36:07","slug":"dewleta-tirk-a-dagirker-erisa-li-ser-servanan-didomine","status":"publish","type":"post","link":"https:\/\/ypjrojava.net\/?p=9505","title":{"rendered":"Dewleta Tirk a Dagirker \u00car\u00ee\u015f\u00ean Xwe Li ser \u015eervanan Didom\u00eene"},"content":{"rendered":"<p><strong>Lezg\u00een:<\/strong><\/p>\n<p>Dewleta Tirk a dagirker di van k\u00ealiyan de \u00ear\u00ee\u015f\u00ee nexwe\u015fxaneya Ser\u00ea Kaniy\u00ea dike. R\u00fbxm\u00ee ku \u015fervan\u00ean YPJ&#8217;\u00ea \u00fb QSD&#8217;\u00ea bersiva van \u00ear\u00ee\u015fan j\u00ee nadin, \u00e7etey\u00ean Erdoxan \u00ear\u00ee\u015f\u00ean xwe didom\u00eenin. Di encama\u00a0 \u00ear\u00ee\u015f\u00ean balafir\u00ean \u015fer de, 5 \u015fervan \u015feh\u00eed ketin \u00fb 2 j\u00ee br\u00eendarin. Di van k\u00ealiyan de tevgera balafir\u00ean \u015fer \u00fb ke\u015ff\u00ea didome. Arte\u015f dagirker a \u00e7etey\u00ean Erdoxan, r\u00fbxm\u00ee agirbest\u00ea j\u00ee h\u00ea j\u00ee \u00ear\u00ee\u015f dibin li ser \u015fervanan.<\/p>\n<p><strong>Navenda Ragihandina YPJ&#8217;\u00ea\u00a0<\/strong><\/p>\n<p><strong>Ser\u00ea Kaniy\u00ea-18.10.2019<\/strong><\/p>\n<p>&nbsp;<\/p>\n<p><iframe loading=\"lazy\" title=\"Hun Di V\u00ea D\u00eemen\u00ea De Hov\u00eetiya Dewleta Tirk \u00db \u00c7etey\u00ean w\u00ee Dikarin Pir Vekir\u00ee Bib\u00eenin\" width=\"696\" height=\"392\" src=\"https:\/\/www.youtube.com\/embed\/rOTLGU7sXZ0?feature=oembed\" frameborder=\"0\" allow=\"accelerometer; autoplay; clipboard-write; encrypted-media; gyroscope; picture-in-picture; web-share\" referrerpolicy=\"strict-origin-when-cross-origin\" allowfullscreen><\/iframe><\/p>\n","protected":false},"excerpt":{"rendered":"<p>Lezg\u00een: Dewleta Tirk a dagirker di van k\u00ealiyan de \u00ear\u00ee\u015f\u00ee nexwe\u015fxaneya Ser\u00ea Kaniy\u00ea dike. R\u00fbxm\u00ee ku \u015fervan\u00ean YPJ&#8217;\u00ea \u00fb QSD&#8217;\u00ea bersiva van \u00ear\u00ee\u015fan j\u00ee nadin, \u00e7etey\u00ean Erdoxan \u00ear\u00ee\u015f\u00ean xwe didom\u00eenin. Di encama\u00a0 \u00ear\u00ee\u015f\u00ean balafir\u00ean \u015fer de, 5 \u015fervan \u015feh\u00eed ketin \u00fb 2 j\u00ee br\u00eendarin. Di van k\u00ealiyan de tevgera balafir\u00ean \u015fer \u00fb ke\u015ff\u00ea didome. Arte\u015f [&hellip;]<\/p>\n","protected":false},"author":1,"featured_media":14778,"comment_status":"closed","ping_status":"closed","sticky":false,"template":"","format":"standard","meta":{"footnotes":""},"categories":[38],"tags":[],"class_list":{"0":"post-9505","1":"post","2":"type-post","3":"status-publish","4":"format-standard","5":"has-post-thumbnail","7":"category-nuce"},"_links":{"self":[{"href":"https:\/\/ypjrojava.net\/index.php?rest_route=\/wp\/v2\/posts\/9505","targetHints":{"allow":["GET"]}}],"collection":[{"href":"https:\/\/ypjrojava.net\/index.php?rest_route=\/wp\/v2\/posts"}],"about":[{"href":"https:\/\/ypjrojava.net\/index.php?rest_route=\/wp\/v2\/types\/post"}],"author":[{"embeddable":true,"href":"https:\/\/ypjrojava.net\/index.php?rest_route=\/wp\/v2\/users\/1"}],"replies":[{"embeddable":true,"href":"https:\/\/ypjrojava.net\/index.php?rest_route=%2Fwp%2Fv2%2Fcomments&post=9505"}],"version-history":[{"count":4,"href":"https:\/\/ypjrojava.net\/index.php?rest_route=\/wp\/v2\/posts\/9505\/revisions"}],"predecessor-version":[{"id":14779,"href":"https:\/\/ypjrojava.net\/index.php?rest_route=\/wp\/v2\/posts\/9505\/revisions\/14779"}],"wp:featuredmedia":[{"embeddable":true,"href":"https:\/\/ypjrojava.net\/index.php?rest_route=\/wp\/v2\/media\/14778"}],"wp:attachment":[{"href":"https:\/\/ypjrojava.net\/index.php?rest_route=%2Fwp%2Fv2%2Fmedia&parent=9505"}],"wp:term":[{"taxonomy":"category","embeddable":true,"href":"https:\/\/ypjrojava.net\/index.php?rest_route=%2Fwp%2Fv2%2Fcategories&post=9505"},{"taxonomy":"post_tag","embeddable":true,"href":"https:\/\/ypjrojava.net\/index.php?rest_route=%2Fwp%2Fv2%2Ftags&post=9505"}],"curies":[{"name":"wp","href":"https:\/\/api.w.org\/{rel}","templated":true}]}}