{"id":9517,"date":"2019-10-18T10:42:16","date_gmt":"2019-10-18T10:42:16","guid":{"rendered":"https:\/\/ypjrojava.net\/?p=9517"},"modified":"2022-07-02T06:20:36","modified_gmt":"2022-07-02T06:20:36","slug":"dewleta-tirk-a-dagirker-erisi-konvoya-sivilan-kir","status":"publish","type":"post","link":"https:\/\/ypjrojava.net\/?p=9517","title":{"rendered":"Dewleta Tirk A Dagirker \u00car\u00ee\u015f\u00ee Konvoya S\u00eev\u00eelan Kir"},"content":{"rendered":"<p><strong>Lezg\u00een:<\/strong><\/p>\n<p>Dewleta Tirk a dagirker konvoya ku ji bo br\u00eendar\u00ean Ser\u00ea Kaniy\u00ea rizgar bikin, ber\u00ea xwe dab\u00fbn herem\u00ea bomberan kir. Konvoy dema ku n\u00eaz\u00ee Ser\u00ea Kaniy\u00ea b\u00fb, rast\u00ee\u00a0 topbarana ob\u00fbs\u00ean dagirkeran hatin.<\/p>\n<p><strong>Navenda Ragihandina YPJ&#8217;\u00ea<\/strong><\/p>\n<p><strong>Ser\u00ea Kaniy\u00ea-18.10.2019<\/strong><\/p>\n<p>&nbsp;<\/p>\n<p><img loading=\"lazy\" decoding=\"async\" class=\" wp-image-14775 aligncenter\" src=\"https:\/\/ypjrojava.net\/wp-content\/uploads\/2019\/10\/MVI_0069.00_06_41_19.Still008-300x169.jpg\" alt=\"\" width=\"337\" height=\"190\" srcset=\"https:\/\/ypjrojava.net\/wp-content\/uploads\/2019\/10\/MVI_0069.00_06_41_19.Still008-300x169.jpg 300w, https:\/\/ypjrojava.net\/wp-content\/uploads\/2019\/10\/MVI_0069.00_06_41_19.Still008-1024x576.jpg 1024w, https:\/\/ypjrojava.net\/wp-content\/uploads\/2019\/10\/MVI_0069.00_06_41_19.Still008-768x432.jpg 768w, https:\/\/ypjrojava.net\/wp-content\/uploads\/2019\/10\/MVI_0069.00_06_41_19.Still008-1536x864.jpg 1536w, https:\/\/ypjrojava.net\/wp-content\/uploads\/2019\/10\/MVI_0069.00_06_41_19.Still008.jpg 1920w\" sizes=\"auto, (max-width: 337px) 100vw, 337px\" \/><\/p>\n","protected":false},"excerpt":{"rendered":"<p>Lezg\u00een: Dewleta Tirk a dagirker konvoya ku ji bo br\u00eendar\u00ean Ser\u00ea Kaniy\u00ea rizgar bikin, ber\u00ea xwe dab\u00fbn herem\u00ea bomberan kir. Konvoy dema ku n\u00eaz\u00ee Ser\u00ea Kaniy\u00ea b\u00fb, rast\u00ee\u00a0 topbarana ob\u00fbs\u00ean dagirkeran hatin. Navenda Ragihandina YPJ&#8217;\u00ea Ser\u00ea Kaniy\u00ea-18.10.2019 &nbsp;<\/p>\n","protected":false},"author":1,"featured_media":14774,"comment_status":"closed","ping_status":"closed","sticky":false,"template":"","format":"standard","meta":{"footnotes":""},"categories":[38],"tags":[],"class_list":{"0":"post-9517","1":"post","2":"type-post","3":"status-publish","4":"format-standard","5":"has-post-thumbnail","7":"category-nuce"},"_links":{"self":[{"href":"https:\/\/ypjrojava.net\/index.php?rest_route=\/wp\/v2\/posts\/9517","targetHints":{"allow":["GET"]}}],"collection":[{"href":"https:\/\/ypjrojava.net\/index.php?rest_route=\/wp\/v2\/posts"}],"about":[{"href":"https:\/\/ypjrojava.net\/index.php?rest_route=\/wp\/v2\/types\/post"}],"author":[{"embeddable":true,"href":"https:\/\/ypjrojava.net\/index.php?rest_route=\/wp\/v2\/users\/1"}],"replies":[{"embeddable":true,"href":"https:\/\/ypjrojava.net\/index.php?rest_route=%2Fwp%2Fv2%2Fcomments&post=9517"}],"version-history":[{"count":4,"href":"https:\/\/ypjrojava.net\/index.php?rest_route=\/wp\/v2\/posts\/9517\/revisions"}],"predecessor-version":[{"id":14777,"href":"https:\/\/ypjrojava.net\/index.php?rest_route=\/wp\/v2\/posts\/9517\/revisions\/14777"}],"wp:featuredmedia":[{"embeddable":true,"href":"https:\/\/ypjrojava.net\/index.php?rest_route=\/wp\/v2\/media\/14774"}],"wp:attachment":[{"href":"https:\/\/ypjrojava.net\/index.php?rest_route=%2Fwp%2Fv2%2Fmedia&parent=9517"}],"wp:term":[{"taxonomy":"category","embeddable":true,"href":"https:\/\/ypjrojava.net\/index.php?rest_route=%2Fwp%2Fv2%2Fcategories&post=9517"},{"taxonomy":"post_tag","embeddable":true,"href":"https:\/\/ypjrojava.net\/index.php?rest_route=%2Fwp%2Fv2%2Ftags&post=9517"}],"curies":[{"name":"wp","href":"https:\/\/api.w.org\/{rel}","templated":true}]}}