{"id":9520,"date":"2019-10-18T11:34:26","date_gmt":"2019-10-18T11:34:26","guid":{"rendered":"https:\/\/ypjrojava.net\/?p=9520"},"modified":"2022-07-02T06:12:21","modified_gmt":"2022-07-02T06:12:21","slug":"konvoya-sivilan-gihist-gunde-misrifa-a-giredayi-sere-kaniye","status":"publish","type":"post","link":"https:\/\/ypjrojava.net\/?p=9520","title":{"rendered":"Konvoya Siv\u00eelan Gih\u00ee\u015ft Gund\u00ea Mi\u015frifa A Gireday\u00ee Ser\u00ea Kaniy\u00ea"},"content":{"rendered":"<p><strong>Lezg\u00een:<\/strong><\/p>\n<p>Gel\u00ea herema C\u00eez\u00eer\u00ea,\u00a0 gelek rojnamevan \u00fb niv\u00eeskar j\u00ee di nav de ji bo koor\u00eedorek m\u00eerov\u00ee ji br\u00eendar \u00fb \u015feh\u00eed\u00ean Berxwedana R\u00fbmet\u00ea re ava bikin ber\u00ea xwe dab\u00fbn Ser\u00ea Kaniy\u00ea. Konvoya s\u00eev\u00eelan beriya ku big\u00eeh\u00eeje Ser\u00ea Kaniy\u00ea 2 km sek\u00eenin \u00fb daxuyaniyek ji bo raya gi\u015ft\u00ee dan.<\/p>\n<p>Konvoya siv\u00eelan gih\u00ee\u015ft gund\u00ea Mi\u015frifa a gireday\u00ee Ser\u00ea Kaniy\u00ea. Li wir 5 cenazey\u00ean sivilan \u00ea ku ber\u00ea balafiren \u015fer li wan dabu ji xaniyan\u00a0 hatin derxistin.<\/p>\n<p>Di van k\u00eal\u00eeyan de di navbera \u015fervan\u00ean QSD&#8217;\u00ea \u00fb \u00e7etey\u00ean DAI\u015e&#8217;\u00ea, li g\u00fbnd\u00ea Babilx\u00ear a di navbera Ser\u00ea Kaniy\u00ea \u00fb Dirbes\u00eey\u00ea de \u015fer \u00fb pev\u00e7un dijwar e.<\/p>\n<p><strong>Navenda Ragihandina YPJ&#8217;\u00ea<\/strong><\/p>\n<p><strong>Ser\u00ea Kaniy\u00ea -18.10.2019<\/strong><\/p>\n","protected":false},"excerpt":{"rendered":"<p>Lezg\u00een: Gel\u00ea herema C\u00eez\u00eer\u00ea,\u00a0 gelek rojnamevan \u00fb niv\u00eeskar j\u00ee di nav de ji bo koor\u00eedorek m\u00eerov\u00ee ji br\u00eendar \u00fb \u015feh\u00eed\u00ean Berxwedana R\u00fbmet\u00ea re ava bikin ber\u00ea xwe dab\u00fbn Ser\u00ea Kaniy\u00ea. Konvoya s\u00eev\u00eelan beriya ku big\u00eeh\u00eeje Ser\u00ea Kaniy\u00ea 2 km sek\u00eenin \u00fb daxuyaniyek ji bo raya gi\u015ft\u00ee dan. Konvoya siv\u00eelan gih\u00ee\u015ft gund\u00ea Mi\u015frifa a gireday\u00ee Ser\u00ea [&hellip;]<\/p>\n","protected":false},"author":1,"featured_media":14773,"comment_status":"closed","ping_status":"closed","sticky":false,"template":"","format":"standard","meta":{"footnotes":""},"categories":[38],"tags":[],"class_list":{"0":"post-9520","1":"post","2":"type-post","3":"status-publish","4":"format-standard","5":"has-post-thumbnail","7":"category-nuce"},"_links":{"self":[{"href":"https:\/\/ypjrojava.net\/index.php?rest_route=\/wp\/v2\/posts\/9520","targetHints":{"allow":["GET"]}}],"collection":[{"href":"https:\/\/ypjrojava.net\/index.php?rest_route=\/wp\/v2\/posts"}],"about":[{"href":"https:\/\/ypjrojava.net\/index.php?rest_route=\/wp\/v2\/types\/post"}],"author":[{"embeddable":true,"href":"https:\/\/ypjrojava.net\/index.php?rest_route=\/wp\/v2\/users\/1"}],"replies":[{"embeddable":true,"href":"https:\/\/ypjrojava.net\/index.php?rest_route=%2Fwp%2Fv2%2Fcomments&post=9520"}],"version-history":[{"count":2,"href":"https:\/\/ypjrojava.net\/index.php?rest_route=\/wp\/v2\/posts\/9520\/revisions"}],"predecessor-version":[{"id":9523,"href":"https:\/\/ypjrojava.net\/index.php?rest_route=\/wp\/v2\/posts\/9520\/revisions\/9523"}],"wp:featuredmedia":[{"embeddable":true,"href":"https:\/\/ypjrojava.net\/index.php?rest_route=\/wp\/v2\/media\/14773"}],"wp:attachment":[{"href":"https:\/\/ypjrojava.net\/index.php?rest_route=%2Fwp%2Fv2%2Fmedia&parent=9520"}],"wp:term":[{"taxonomy":"category","embeddable":true,"href":"https:\/\/ypjrojava.net\/index.php?rest_route=%2Fwp%2Fv2%2Fcategories&post=9520"},{"taxonomy":"post_tag","embeddable":true,"href":"https:\/\/ypjrojava.net\/index.php?rest_route=%2Fwp%2Fv2%2Ftags&post=9520"}],"curies":[{"name":"wp","href":"https:\/\/api.w.org\/{rel}","templated":true}]}}