{"id":9535,"date":"2019-10-18T20:34:09","date_gmt":"2019-10-18T20:34:09","guid":{"rendered":"https:\/\/ypjrojava.net\/?p=9535"},"modified":"2022-06-22T04:57:07","modified_gmt":"2022-06-22T04:57:07","slug":"ji-raya-gisti-re-2","status":"publish","type":"post","link":"https:\/\/ypjrojava.net\/?p=9535","title":{"rendered":"Ji Raya Gi\u015ft\u00ee Re"},"content":{"rendered":"<p>&nbsp;<\/p>\n<p>H\u00eaz\u00ean me li ser biryara agirbest\u00ea a duh, di d\u00eeroka 17\u00ea Cotmeh\u00ea seet di 22:00an \u015f\u00fbn de li hem\u00fb qad\u00ean \u015fer derbas\u00ee rew\u015fa parastin\u00ea b\u00fbne. Ji bil\u00ee bersivdana \u00ear\u00ee\u015f\u00ean ku hatin li ser me, yek\u00eeney\u00ean li tu qadeke \u015fer an j\u00ee her\u00eam\u00ean dagirkir\u00ee neketine nav hewl\u00ean \u00e7alakiyan. Ruxm\u00ea biryar\u00ea j\u00ee \u00ear\u00ee\u015f\u00ean art\u00ea\u015fa dagirker a bi top \u00fb balafir\u00ean b\u00ea Mirov \u00fb \u00ear\u00ee\u015f\u00ean kom\u00ean \u00e7ete y\u00ean tac\u00eez\u00ea li eniya Ser\u00eakaniy\u00ea tu caran ne rawestiya ye. Di van \u00ear\u00ee\u015fan de, ji seet 22:00an heya niha, 13 \u015fervan\u00ean me; di \u00ear\u00ee\u015f\u00ean heway\u00ee y\u00ean li ser gundewar\u00ean Ser\u00eakaniy\u00ea j\u00ee 5 welatiy\u00ean s\u00eev\u00eel \u015feh\u00eed ketin.<\/p>\n<p>&nbsp;<\/p>\n<p>Em bang li hem\u00fb kes \u00fb taybet j\u00ee li aliy\u00ean agirbest\u00ea dikin ku li gor \u00e7ar\u00e7oveya agirbest\u00ea tevbigerin. Em a\u015fkere dikin ku h\u00eaz\u00ean me w\u00ea maf\u00ea parastina rewa li hember \u00ear\u00ee\u015fan bi kar b\u00eene \u00fb bersiva \u00ear\u00ee\u015fan bide.<\/p>\n<p>&nbsp;<\/p>\n<p><strong><em>Berdevk<\/em><\/strong><strong><em>\u00ea <\/em><\/strong><strong><em>QSD K\u00ee<\/em><\/strong><strong><em>no Gabriel<\/em><\/strong><\/p>\n<p><strong><em>18 Cotmeha 2019<\/em><\/strong><\/p>\n","protected":false},"excerpt":{"rendered":"<p>&nbsp; H\u00eaz\u00ean me li ser biryara agirbest\u00ea a duh, di d\u00eeroka 17\u00ea Cotmeh\u00ea seet di 22:00an \u015f\u00fbn de li hem\u00fb qad\u00ean \u015fer derbas\u00ee rew\u015fa parastin\u00ea b\u00fbne. Ji bil\u00ee bersivdana \u00ear\u00ee\u015f\u00ean ku hatin li ser me, yek\u00eeney\u00ean li tu qadeke \u015fer an j\u00ee her\u00eam\u00ean dagirkir\u00ee neketine nav hewl\u00ean \u00e7alakiyan. Ruxm\u00ea biryar\u00ea j\u00ee \u00ear\u00ee\u015f\u00ean art\u00ea\u015fa dagirker a [&hellip;]<\/p>\n","protected":false},"author":1,"featured_media":14187,"comment_status":"closed","ping_status":"closed","sticky":false,"template":"","format":"standard","meta":{"footnotes":""},"categories":[39],"tags":[],"class_list":{"0":"post-9535","1":"post","2":"type-post","3":"status-publish","4":"format-standard","5":"has-post-thumbnail","7":"category-daxuyani"},"_links":{"self":[{"href":"https:\/\/ypjrojava.net\/index.php?rest_route=\/wp\/v2\/posts\/9535","targetHints":{"allow":["GET"]}}],"collection":[{"href":"https:\/\/ypjrojava.net\/index.php?rest_route=\/wp\/v2\/posts"}],"about":[{"href":"https:\/\/ypjrojava.net\/index.php?rest_route=\/wp\/v2\/types\/post"}],"author":[{"embeddable":true,"href":"https:\/\/ypjrojava.net\/index.php?rest_route=\/wp\/v2\/users\/1"}],"replies":[{"embeddable":true,"href":"https:\/\/ypjrojava.net\/index.php?rest_route=%2Fwp%2Fv2%2Fcomments&post=9535"}],"version-history":[{"count":1,"href":"https:\/\/ypjrojava.net\/index.php?rest_route=\/wp\/v2\/posts\/9535\/revisions"}],"predecessor-version":[{"id":9537,"href":"https:\/\/ypjrojava.net\/index.php?rest_route=\/wp\/v2\/posts\/9535\/revisions\/9537"}],"wp:featuredmedia":[{"embeddable":true,"href":"https:\/\/ypjrojava.net\/index.php?rest_route=\/wp\/v2\/media\/14187"}],"wp:attachment":[{"href":"https:\/\/ypjrojava.net\/index.php?rest_route=%2Fwp%2Fv2%2Fmedia&parent=9535"}],"wp:term":[{"taxonomy":"category","embeddable":true,"href":"https:\/\/ypjrojava.net\/index.php?rest_route=%2Fwp%2Fv2%2Fcategories&post=9535"},{"taxonomy":"post_tag","embeddable":true,"href":"https:\/\/ypjrojava.net\/index.php?rest_route=%2Fwp%2Fv2%2Ftags&post=9535"}],"curies":[{"name":"wp","href":"https:\/\/api.w.org\/{rel}","templated":true}]}}