{"id":9542,"date":"2019-10-19T12:00:51","date_gmt":"2019-10-19T12:00:51","guid":{"rendered":"https:\/\/ypjrojava.net\/?p=9542"},"modified":"2022-06-22T04:49:13","modified_gmt":"2022-06-22T04:49:13","slug":"ji-raya-gisti-re-3","status":"publish","type":"post","link":"https:\/\/ypjrojava.net\/?p=9542","title":{"rendered":"Ji Raya Gi\u015ft\u00ee Re"},"content":{"rendered":"<p><strong>Encam\u00ean \u015fer \u00fb berxwedana roja 11em\u00een li rojavay\u00ea Kurdistan\u00ea \u00fb bak\u00fbr\u00ea S\u00fbriy\u00ea<\/strong><\/p>\n<p>Ruxm\u00ea biryara agirbest\u00ea j\u00ee art\u00ea\u015fa dagirker a Tirk \u00fb kom\u00ean \u00e7ete y\u00ean gir\u00eaday\u00ee w\u00ea \u00ear\u00ee\u015f\u00ean xwe li seranser\u00ea xeta s\u00eenor ne rawestandin. H\u00eaz\u00ean me di \u00e7ar\u00e7oveya parastina rewa de c\u00eeh bi c\u00eeh bersiv dan van \u00ear\u00ee\u015fan.<\/p>\n<p><strong>Ser\u00eakaniy\u00ea<\/strong><br \/>\nPi\u015ft\u00ee ragihandina biryara agirbest\u00ea j\u00ee art\u00ea\u015fa dagirker a Tirk hewl da bi seyarey\u00ean zirx\u00ee p\u00ea\u015f de were \u00fb hinek taxan dagir bike. Di her hewldan\u00ean wan de h\u00eaz\u00ean me di \u00e7ar\u00e7oveya parastin\u00ea de bersiv dan. Di encam de 3 panzer hatin derbkirin. Di pev\u00e7\u00fbnan de her\u00ee k\u00eam 13 \u00e7ete hatin ku\u015ftin \u00fb 3 j\u00ee br\u00eendar b\u00fbn. Li gund\u00ea Zirgan, art\u00ea\u015fa dagirker xwest p\u00ea\u015f bikeve \u00fb \u00ear\u00ee\u015f bir ser gund. Kom\u00ean \u00e7ete bi al\u00eekariya \u00ear\u00ee\u015f\u00ean heway\u00ee \u00fb topan xwestin gund bigirin. H\u00eaz\u00ean me bi heman away\u00ee bersiv dan \u00ear\u00ee\u015fan \u00fb di encam de li her\u00eam\u00ea \u015ferek giran qewim\u00ee. Di \u015fer de, di encama \u00ear\u00ee\u015f\u00ean heway\u00ee de 12 heval\u00ean me \u00fb welatiyek s\u00eev\u00eel \u015feh\u00eed ketin, 12 heval\u00ean me br\u00eendar b\u00fbn. Herwiha li gund\u00ean Menacir \u00fb Aliya j\u00ee di encama \u00ear\u00ee\u015f\u00ean kom\u00ean \u00e7ete de pev\u00e7\u00fbn qewim\u00een.<\/p>\n<p><strong>Qami\u015flo<\/strong><br \/>\nArt\u00ea\u015fa dagirker duh \u00eavar\u00ea bajar\u00ea Qami\u015flo da ber top \u00fb tangan. Di encama \u00ear\u00ee\u015fan de hevalek me \u015feh\u00eed ket \u00fb 4 heval\u00ean me br\u00eendar b\u00fbn. Pi\u015ft\u00ee \u00ear\u00ee\u015f\u00ea h\u00eaz\u00ean me bersiv dan \u00e7avkaniya \u00ear\u00ee\u015f\u00ea ya li baregeha S\u00eagirka. Di encama bersiva h\u00eaz\u00ean me de baregeh hat derbkirin, depoya cebilxane hat teqandin \u00fb hejmarek ji \u00e7ete \u00fb le\u015fkeran hatin ku\u015ftin.<\/p>\n<p><strong>Koban\u00ee<\/strong><br \/>\nArt\u00ea\u015fa dagirker \u00fb kom\u00ean \u00e7ete di seet\u00ean \u00eavar\u00ea de xwestin bi awayek ve\u015fart\u00ee bi seyarey\u00ean zirx\u00ee xwe n\u00eax\u00ee \u00e7eper\u00ean \u015fervan\u00ean me bikin. Li ser bersivdana h\u00eaz\u00ean me, seyareyek wan hate teqandin \u00fb gelek ji \u00e7eteyan hatin ku\u015ftin. Pi\u015ft\u00ee bersivdan\u00ea kom\u00ean \u00e7ete cenazey\u00ean xwe revandin \u00fb ji her\u00eam\u00ea veki\u015fiyan. Herwiha enqaza seyareyek BNB ku h\u00eaz\u00ean me beriya 2 rojan li her\u00eama \u015e\u00eargirad\u00ea r\u00fbxandib\u00fbn hate d\u00eetin. Di v\u00ea \u00e7alakiy\u00ea de j\u00ee hate zelalkirin ku 5 \u00e7ete hatine ku\u015ftin.<\/p>\n<p>Bi gi\u015ft\u00ee di encama \u015fer \u00fb berxwedan\u00ea de her\u00ee k\u00eam 18 le\u015fker \u00fb \u00e7etey\u00ean art\u00ea\u015fa dagirker hatin ku\u015ftin, hejmarek z\u00eade j\u00ee br\u00eendar b\u00fbn.<\/p>\n<p>17 heval\u00ean me di v\u00ea berxwedan\u00ea de bi leheng\u00ee \u015fer kirin \u00fb \u015feh\u00eed ketin, 25 heval\u00ean me br\u00eendar b\u00fbn.<\/p>\n<p>Pi\u015ft\u00ee biryara agirbest\u00ea h\u00eaz\u00ean me li hem\u00fb qad\u00ean \u015fer derbas\u00ee rew\u015fa parastin\u00ea b\u00fbne \u00fb tu \u00e7alak\u00ee p\u00eak ne an\u00eene. Hem\u00fb pev\u00e7\u00fbn\u00ean ku qewim\u00een weke encama bersivdana h\u00eaz\u00ean me li dij\u00ee \u00ear\u00ee\u015fan p\u00ea\u015f ketiye.<\/p>\n<p><strong>Navenda Ragihandina QSD<\/strong><br \/>\n<strong>19\u00ea Cotmeha 2019<\/strong><\/p>\n","protected":false},"excerpt":{"rendered":"<p>Encam\u00ean \u015fer \u00fb berxwedana roja 11em\u00een li rojavay\u00ea Kurdistan\u00ea \u00fb bak\u00fbr\u00ea S\u00fbriy\u00ea Ruxm\u00ea biryara agirbest\u00ea j\u00ee art\u00ea\u015fa dagirker a Tirk \u00fb kom\u00ean \u00e7ete y\u00ean gir\u00eaday\u00ee w\u00ea \u00ear\u00ee\u015f\u00ean xwe li seranser\u00ea xeta s\u00eenor ne rawestandin. H\u00eaz\u00ean me di \u00e7ar\u00e7oveya parastina rewa de c\u00eeh bi c\u00eeh bersiv dan van \u00ear\u00ee\u015fan. Ser\u00eakaniy\u00ea Pi\u015ft\u00ee ragihandina biryara agirbest\u00ea j\u00ee art\u00ea\u015fa [&hellip;]<\/p>\n","protected":false},"author":1,"featured_media":14186,"comment_status":"closed","ping_status":"closed","sticky":false,"template":"","format":"standard","meta":{"footnotes":""},"categories":[39],"tags":[],"class_list":{"0":"post-9542","1":"post","2":"type-post","3":"status-publish","4":"format-standard","5":"has-post-thumbnail","7":"category-daxuyani"},"_links":{"self":[{"href":"https:\/\/ypjrojava.net\/index.php?rest_route=\/wp\/v2\/posts\/9542","targetHints":{"allow":["GET"]}}],"collection":[{"href":"https:\/\/ypjrojava.net\/index.php?rest_route=\/wp\/v2\/posts"}],"about":[{"href":"https:\/\/ypjrojava.net\/index.php?rest_route=\/wp\/v2\/types\/post"}],"author":[{"embeddable":true,"href":"https:\/\/ypjrojava.net\/index.php?rest_route=\/wp\/v2\/users\/1"}],"replies":[{"embeddable":true,"href":"https:\/\/ypjrojava.net\/index.php?rest_route=%2Fwp%2Fv2%2Fcomments&post=9542"}],"version-history":[{"count":1,"href":"https:\/\/ypjrojava.net\/index.php?rest_route=\/wp\/v2\/posts\/9542\/revisions"}],"predecessor-version":[{"id":9543,"href":"https:\/\/ypjrojava.net\/index.php?rest_route=\/wp\/v2\/posts\/9542\/revisions\/9543"}],"wp:featuredmedia":[{"embeddable":true,"href":"https:\/\/ypjrojava.net\/index.php?rest_route=\/wp\/v2\/media\/14186"}],"wp:attachment":[{"href":"https:\/\/ypjrojava.net\/index.php?rest_route=%2Fwp%2Fv2%2Fmedia&parent=9542"}],"wp:term":[{"taxonomy":"category","embeddable":true,"href":"https:\/\/ypjrojava.net\/index.php?rest_route=%2Fwp%2Fv2%2Fcategories&post=9542"},{"taxonomy":"post_tag","embeddable":true,"href":"https:\/\/ypjrojava.net\/index.php?rest_route=%2Fwp%2Fv2%2Ftags&post=9542"}],"curies":[{"name":"wp","href":"https:\/\/api.w.org\/{rel}","templated":true}]}}