{"id":9555,"date":"2019-10-19T17:04:20","date_gmt":"2019-10-19T17:04:20","guid":{"rendered":"https:\/\/ypjrojava.net\/?p=9555"},"modified":"2022-06-30T06:38:32","modified_gmt":"2022-06-30T06:38:32","slug":"gele-reqqa-tebqa-u-derazore-li-eyn-isa-mesek-li-darxistin","status":"publish","type":"post","link":"https:\/\/ypjrojava.net\/?p=9555","title":{"rendered":"Gel\u00ea Reqqa, Tebqa \u00fb D\u00earazor\u00ea \u00a0Li Eyn \u00cesa Me\u015fek li Darxistin"},"content":{"rendered":"<p>Li her der\u00ea Bak\u00fbr \u00fb Rojhilat\u00ea S\u00fbriy\u00ea gel di nava berxwedan\u00ea de ye. Gel\u00ea S\u00fbriy\u00ea li hem\u00fb qadan \u00e7alakiyan li dardixin \u00fb neraz\u00eeb\u00fbn\u00ean\u00a0 xwe ye ji bo dagirkeriya dewleta Tirk bi r\u00eaya \u00e7alakiyan t\u00eenin ziman.<\/p>\n<p>\u00cero j\u00ee li bajar\u00ea Eyn \u00cesa me\u015feke girsey\u00ee hat li darxistin, gel\u00ean bajar\u00ea Tebqa, Reqqa \u00fb D\u00earazor\u00ea neraz\u00eeb\u00fbn \u00fb berxwedana xwe, bi gel\u00ea bajar\u00ea Eyn \u00cesa re b\u00fbn yek \u00fb bi \u00e7alakiyek\u00ee dan n\u00ee\u015fandan.<\/p>\n<p>Me\u015f ji diwara Qaz\u00ea destp\u00eakir \u00fb bi slogana &#8220;Bij\u00ee berxwedana QSD&#8217;\u00ea, Bij\u00ee Berxwedana Gir\u00ea Sp\u00ee \u00fb Ser\u00ea Kaniy\u00ea&#8221; heya nexwe\u015fxaneya Eyn \u00cesa dewam kir. Pi\u015ftra me\u015f veguher\u00ee \u00e7alak\u00eey\u00ea, di \u00e7alakiy\u00ea de hat diyar kirin ku:&#8221; Tevah\u00ee gel\u00ea Bak\u00fbr \u00fb Rojhilat\u00ea S\u00fbriy\u00ea naxwazin dagirkeriya dewleta Tirk, li ser welat\u00ea wan bidome. Her wiha an\u00een ziman ku &#8220;Em siv\u00eelin, ne teror\u00eestin ku dewleta dagirker a Tirk me bombebaran dike&#8221;. \u00c7alak\u00ee bi slogana &#8220;Gel\u00ea S\u00fbriy\u00ea yeke&#8221; bi daw\u00ee b\u00fb.<\/p>\n<p>&nbsp;<\/p>\n<p><strong>Eyn \u00cesa-19.10.2019<\/strong><\/p>\n<p>&nbsp;<\/p>\n<p><iframe loading=\"lazy\" title=\"Gel\u00ea Reqqa, Tebqa \u00fb D\u00earazor\u00ea  Li Eyn \u00cesa Me\u015fek li Darxistin\" width=\"696\" height=\"392\" src=\"https:\/\/www.youtube.com\/embed\/-jRcmWpAAj8?feature=oembed\" frameborder=\"0\" allow=\"accelerometer; autoplay; clipboard-write; encrypted-media; gyroscope; picture-in-picture; web-share\" referrerpolicy=\"strict-origin-when-cross-origin\" allowfullscreen><\/iframe><\/p>\n<p><strong>\u00a0<\/strong><\/p>\n","protected":false},"excerpt":{"rendered":"<p>Li her der\u00ea Bak\u00fbr \u00fb Rojhilat\u00ea S\u00fbriy\u00ea gel di nava berxwedan\u00ea de ye. Gel\u00ea S\u00fbriy\u00ea li hem\u00fb qadan \u00e7alakiyan li dardixin \u00fb neraz\u00eeb\u00fbn\u00ean\u00a0 xwe ye ji bo dagirkeriya dewleta Tirk bi r\u00eaya \u00e7alakiyan t\u00eenin ziman. \u00cero j\u00ee li bajar\u00ea Eyn \u00cesa me\u015feke girsey\u00ee hat li darxistin, gel\u00ean bajar\u00ea Tebqa, Reqqa \u00fb D\u00earazor\u00ea neraz\u00eeb\u00fbn \u00fb berxwedana [&hellip;]<\/p>\n","protected":false},"author":1,"featured_media":14755,"comment_status":"closed","ping_status":"closed","sticky":false,"template":"","format":"standard","meta":{"footnotes":""},"categories":[38],"tags":[],"class_list":{"0":"post-9555","1":"post","2":"type-post","3":"status-publish","4":"format-standard","5":"has-post-thumbnail","7":"category-nuce"},"_links":{"self":[{"href":"https:\/\/ypjrojava.net\/index.php?rest_route=\/wp\/v2\/posts\/9555","targetHints":{"allow":["GET"]}}],"collection":[{"href":"https:\/\/ypjrojava.net\/index.php?rest_route=\/wp\/v2\/posts"}],"about":[{"href":"https:\/\/ypjrojava.net\/index.php?rest_route=\/wp\/v2\/types\/post"}],"author":[{"embeddable":true,"href":"https:\/\/ypjrojava.net\/index.php?rest_route=\/wp\/v2\/users\/1"}],"replies":[{"embeddable":true,"href":"https:\/\/ypjrojava.net\/index.php?rest_route=%2Fwp%2Fv2%2Fcomments&post=9555"}],"version-history":[{"count":3,"href":"https:\/\/ypjrojava.net\/index.php?rest_route=\/wp\/v2\/posts\/9555\/revisions"}],"predecessor-version":[{"id":14757,"href":"https:\/\/ypjrojava.net\/index.php?rest_route=\/wp\/v2\/posts\/9555\/revisions\/14757"}],"wp:featuredmedia":[{"embeddable":true,"href":"https:\/\/ypjrojava.net\/index.php?rest_route=\/wp\/v2\/media\/14755"}],"wp:attachment":[{"href":"https:\/\/ypjrojava.net\/index.php?rest_route=%2Fwp%2Fv2%2Fmedia&parent=9555"}],"wp:term":[{"taxonomy":"category","embeddable":true,"href":"https:\/\/ypjrojava.net\/index.php?rest_route=%2Fwp%2Fv2%2Fcategories&post=9555"},{"taxonomy":"post_tag","embeddable":true,"href":"https:\/\/ypjrojava.net\/index.php?rest_route=%2Fwp%2Fv2%2Ftags&post=9555"}],"curies":[{"name":"wp","href":"https:\/\/api.w.org\/{rel}","templated":true}]}}