{"id":9558,"date":"2019-10-20T12:05:44","date_gmt":"2019-10-20T12:05:44","guid":{"rendered":"https:\/\/ypjrojava.net\/?p=9558"},"modified":"2022-06-22T04:47:25","modified_gmt":"2022-06-22T04:47:25","slug":"ji-raya-gisti-re-4","status":"publish","type":"post","link":"https:\/\/ypjrojava.net\/?p=9558","title":{"rendered":"Ji Raya Gi\u015ft\u00ee Re"},"content":{"rendered":"<p><strong>\u00a0<\/strong><strong>Encama \u015fer \u00fb berxwedana roja 11em\u00een li rojavay\u00ea Kurdistan\u00ea \u00fb bak\u00fbr\u00ea S\u00fbriy\u00ea<\/strong><\/p>\n<p><strong>\u00a0<\/strong>Ruxm\u00ea biryara agirbest\u00ea j\u00ee art\u00ea\u015fa Tirk a dagirker \u00fb kom\u00ean \u00e7ete \u00ear\u00ee\u015f\u00ean xwe domandin.<\/p>\n<p><strong>Ser\u00eakaniy\u00ea<\/strong><\/p>\n<p>Art\u00ea\u015fa dagirker a Tirk li gundewar\u00ean Ser\u00eakaniy\u00ea navber neda liv \u00fb tevger\u00ean xwe \u00fb li hinek Her\u00eaman amadekariy\u00ean \u00ear\u00ee\u015f\u00ea kir. Li gund\u00ean el-Hebe\u015f \u00fb \u015eik\u00eariy\u00ea kom\u00ean \u00e7ete y\u00ean art\u00ea\u015fa dagirker xwestin \u00ear\u00ee\u015f bibin li ser \u00e7eper\u00ean \u015fervan\u00ean me. Kom\u00ean \u00e7ete bi \u00e7ek\u00ean giran \u00fb seyarey\u00ean zirx\u00ee li hinek xetan \u00ear\u00ee\u015f\u00ee yek\u00eeney\u00ean me kirin. H\u00eaz\u00ean me di encama parastina rewa de bersiv dan van \u00ear\u00ee\u015fan \u00fb di encam de pev\u00e7\u00fbn qewim\u00ee. Di encama bersivdana h\u00eaz\u00ean me de \u00ear\u00ee\u015fa \u00e7eteyan hate \u015fikandin. Art\u00ea\u015fa dagirker pi\u015ft\u00ee v\u00ea her\u00eam\u00ea topbaran kir.<\/p>\n<p>Herwiha, ruxm\u00ea biryara agirbest\u00ea j\u00ee, art\u00ea\u015fa dagirker amadekariy\u00ean xwe y\u00ean \u00ear\u00ee\u015fkirina li ser xet\u00ean Til Xenz\u00eer \u00fb Elok j\u00ee berdewam kir \u00fb li ser s\u00eenor hejmarek ji \u00e7eteyan kom kir.<\/p>\n<p>Di encama \u00ear\u00ee\u015f\u00ean art\u00ea\u015fa dagirker \u00fb kom\u00ean \u00e7ete \u00fb \u00ear\u00ee\u015f\u00ean heway\u00ee y\u00ean bi drone, 16 r\u00eaheval\u00ean me \u015feh\u00eed ketin \u00fb 3 r\u00eaheval\u00ean me j\u00ee br\u00eendar b\u00fbn.<\/p>\n<p><strong>Navenda Ragihandina QSD<\/strong><\/p>\n<p><strong>20 Cotmeha 2019<\/strong><\/p>\n","protected":false},"excerpt":{"rendered":"<p>\u00a0Encama \u015fer \u00fb berxwedana roja 11em\u00een li rojavay\u00ea Kurdistan\u00ea \u00fb bak\u00fbr\u00ea S\u00fbriy\u00ea \u00a0Ruxm\u00ea biryara agirbest\u00ea j\u00ee art\u00ea\u015fa Tirk a dagirker \u00fb kom\u00ean \u00e7ete \u00ear\u00ee\u015f\u00ean xwe domandin. Ser\u00eakaniy\u00ea Art\u00ea\u015fa dagirker a Tirk li gundewar\u00ean Ser\u00eakaniy\u00ea navber neda liv \u00fb tevger\u00ean xwe \u00fb li hinek Her\u00eaman amadekariy\u00ean \u00ear\u00ee\u015f\u00ea kir. Li gund\u00ean el-Hebe\u015f \u00fb \u015eik\u00eariy\u00ea kom\u00ean \u00e7ete y\u00ean [&hellip;]<\/p>\n","protected":false},"author":1,"featured_media":14185,"comment_status":"closed","ping_status":"closed","sticky":false,"template":"","format":"standard","meta":{"footnotes":""},"categories":[39],"tags":[],"class_list":{"0":"post-9558","1":"post","2":"type-post","3":"status-publish","4":"format-standard","5":"has-post-thumbnail","7":"category-daxuyani"},"_links":{"self":[{"href":"https:\/\/ypjrojava.net\/index.php?rest_route=\/wp\/v2\/posts\/9558","targetHints":{"allow":["GET"]}}],"collection":[{"href":"https:\/\/ypjrojava.net\/index.php?rest_route=\/wp\/v2\/posts"}],"about":[{"href":"https:\/\/ypjrojava.net\/index.php?rest_route=\/wp\/v2\/types\/post"}],"author":[{"embeddable":true,"href":"https:\/\/ypjrojava.net\/index.php?rest_route=\/wp\/v2\/users\/1"}],"replies":[{"embeddable":true,"href":"https:\/\/ypjrojava.net\/index.php?rest_route=%2Fwp%2Fv2%2Fcomments&post=9558"}],"version-history":[{"count":1,"href":"https:\/\/ypjrojava.net\/index.php?rest_route=\/wp\/v2\/posts\/9558\/revisions"}],"predecessor-version":[{"id":9559,"href":"https:\/\/ypjrojava.net\/index.php?rest_route=\/wp\/v2\/posts\/9558\/revisions\/9559"}],"wp:featuredmedia":[{"embeddable":true,"href":"https:\/\/ypjrojava.net\/index.php?rest_route=\/wp\/v2\/media\/14185"}],"wp:attachment":[{"href":"https:\/\/ypjrojava.net\/index.php?rest_route=%2Fwp%2Fv2%2Fmedia&parent=9558"}],"wp:term":[{"taxonomy":"category","embeddable":true,"href":"https:\/\/ypjrojava.net\/index.php?rest_route=%2Fwp%2Fv2%2Fcategories&post=9558"},{"taxonomy":"post_tag","embeddable":true,"href":"https:\/\/ypjrojava.net\/index.php?rest_route=%2Fwp%2Fv2%2Ftags&post=9558"}],"curies":[{"name":"wp","href":"https:\/\/api.w.org\/{rel}","templated":true}]}}