{"id":9595,"date":"2019-10-21T13:53:28","date_gmt":"2019-10-21T13:53:28","guid":{"rendered":"https:\/\/ypjrojava.net\/?p=9595"},"modified":"2022-06-30T06:19:03","modified_gmt":"2022-06-30T06:19:03","slug":"servanen-qsde-mafe-xwe-ye-parastina-rewa-bikaranin","status":"publish","type":"post","link":"https:\/\/ypjrojava.net\/?p=9595","title":{"rendered":"\u015eervan\u00ean QSD&#8217;\u00ea Maf\u00ea Xwe y\u00ea Parastina Rewa Bikaran\u00een"},"content":{"rendered":"<p><strong>Lezgin:<\/strong><\/p>\n<p>R\u00fbxm\u00ee agirbest\u00ea j\u00ee dewleta Tirk a dagirker di \u00ear\u00ee\u015f\u00ean dagirkeriy\u00ea de bi israr e. \u015eervanan\u00a0 QSD&#8217;\u00ea maf\u00ea xwe y\u00ea parastina rewa bikaran\u00ee \u00fb \u00eero dan\u00ea nivro li nav\u00e7eya Zirgan\u00ea, pi\u015ft\u00ee eri\u015f\u00ean dijmin \u00e7alekiyek\u00ee misillem\u00ea pek an\u00een. Di v\u00ea \u00e7alekiy\u00ea de panzerek ji aliy\u00ea \u015fervanan ve hat imha kirin. Ku\u015ft\u00ee \u00fb birindar\u00ea dijmin hene.<\/p>\n<p><strong>Navenda Ragihandina YPJ&#8217;\u00ea\u00a0<\/strong><\/p>\n<p><strong>Ser\u00ea Kaniy\u00ea- 21.10.2019<\/strong><\/p>\n<p>&nbsp;<\/p>\n<p><iframe loading=\"lazy\" title=\"Art\u00ea\u015fa Tirk a Dagirker \u00car\u00ee\u015f\u00ea Eyn \u00cesa, Til Temir \u00fb Zirgan\u00ea dike...\" width=\"696\" height=\"392\" src=\"https:\/\/www.youtube.com\/embed\/5RYEvP9mHjw?feature=oembed\" frameborder=\"0\" allow=\"accelerometer; autoplay; clipboard-write; encrypted-media; gyroscope; picture-in-picture; web-share\" referrerpolicy=\"strict-origin-when-cross-origin\" allowfullscreen><\/iframe><\/p>\n<p>&nbsp;<\/p>\n","protected":false},"excerpt":{"rendered":"<p>Lezgin: R\u00fbxm\u00ee agirbest\u00ea j\u00ee dewleta Tirk a dagirker di \u00ear\u00ee\u015f\u00ean dagirkeriy\u00ea de bi israr e. \u015eervanan\u00a0 QSD&#8217;\u00ea maf\u00ea xwe y\u00ea parastina rewa bikaran\u00ee \u00fb \u00eero dan\u00ea nivro li nav\u00e7eya Zirgan\u00ea, pi\u015ft\u00ee eri\u015f\u00ean dijmin \u00e7alekiyek\u00ee misillem\u00ea pek an\u00een. Di v\u00ea \u00e7alekiy\u00ea de panzerek ji aliy\u00ea \u015fervanan ve hat imha kirin. Ku\u015ft\u00ee \u00fb birindar\u00ea dijmin hene. Navenda [&hellip;]<\/p>\n","protected":false},"author":1,"featured_media":14749,"comment_status":"closed","ping_status":"closed","sticky":false,"template":"","format":"standard","meta":{"footnotes":""},"categories":[38],"tags":[],"class_list":{"0":"post-9595","1":"post","2":"type-post","3":"status-publish","4":"format-standard","5":"has-post-thumbnail","7":"category-nuce"},"_links":{"self":[{"href":"https:\/\/ypjrojava.net\/index.php?rest_route=\/wp\/v2\/posts\/9595","targetHints":{"allow":["GET"]}}],"collection":[{"href":"https:\/\/ypjrojava.net\/index.php?rest_route=\/wp\/v2\/posts"}],"about":[{"href":"https:\/\/ypjrojava.net\/index.php?rest_route=\/wp\/v2\/types\/post"}],"author":[{"embeddable":true,"href":"https:\/\/ypjrojava.net\/index.php?rest_route=\/wp\/v2\/users\/1"}],"replies":[{"embeddable":true,"href":"https:\/\/ypjrojava.net\/index.php?rest_route=%2Fwp%2Fv2%2Fcomments&post=9595"}],"version-history":[{"count":4,"href":"https:\/\/ypjrojava.net\/index.php?rest_route=\/wp\/v2\/posts\/9595\/revisions"}],"predecessor-version":[{"id":14750,"href":"https:\/\/ypjrojava.net\/index.php?rest_route=\/wp\/v2\/posts\/9595\/revisions\/14750"}],"wp:featuredmedia":[{"embeddable":true,"href":"https:\/\/ypjrojava.net\/index.php?rest_route=\/wp\/v2\/media\/14749"}],"wp:attachment":[{"href":"https:\/\/ypjrojava.net\/index.php?rest_route=%2Fwp%2Fv2%2Fmedia&parent=9595"}],"wp:term":[{"taxonomy":"category","embeddable":true,"href":"https:\/\/ypjrojava.net\/index.php?rest_route=%2Fwp%2Fv2%2Fcategories&post=9595"},{"taxonomy":"post_tag","embeddable":true,"href":"https:\/\/ypjrojava.net\/index.php?rest_route=%2Fwp%2Fv2%2Ftags&post=9595"}],"curies":[{"name":"wp","href":"https:\/\/api.w.org\/{rel}","templated":true}]}}