{"id":9601,"date":"2019-10-21T15:55:19","date_gmt":"2019-10-21T15:55:19","guid":{"rendered":"https:\/\/ypjrojava.net\/?p=9601"},"modified":"2022-06-22T04:45:03","modified_gmt":"2022-06-22T04:45:03","slug":"ji-raya-gisti-re-5","status":"publish","type":"post","link":"https:\/\/ypjrojava.net\/?p=9601","title":{"rendered":"Ji Raya Gi\u015ft\u00ee Re"},"content":{"rendered":"<p><strong>Encam\u00ean \u015fer \u00fb berxwedana roja 12em\u00een li rojavay\u00ea Kurdistan \u00fb bak\u00fbr\u00ea S\u00fbriy\u00ea<\/strong><\/p>\n<p><strong>\u00a0<\/strong><strong>Ser\u00eakaniy\u00ea<\/strong><\/p>\n<p>Art\u00ea\u015fa dagirker a Tirk \u00fb \u00e7etey\u00ean gir\u00eaday\u00ee w\u00ea \u00ear\u00ee\u015f\u00ean xwe li ser her\u00eam\u00ean agirbest\u00ea domandin. Di d\u00eeroka 20\u00ea Cotmeh\u00ea de kom\u00ean \u00e7ete y\u00ean art\u00ea\u015fa dagirker bi pi\u015ftgiriya balafir\u00ean ke\u015ff\u00ea \u00fb balafir\u00ean \u015fer hewl dan li xet\u00ean gund\u00ea Menacir a ba\u015f\u00fbr\u00ea Ser\u00eakaniy\u00ea \u00fb herwiha li gundewar\u00ean li rojhilat\u00ea Ser\u00eakaniy\u00ea \u00ear\u00ee\u015f bikin. H\u00eaz\u00ean me di \u00e7ar\u00e7oveya parastina rewa de bi heman away\u00ee bersiv dan van \u00ear\u00ee\u015fan \u00fb di encam de \u015fer\u00ean demkurt qewim\u00een. Di van pev\u00e7\u00fbnan de 3 \u00e7ete hatin ku\u015ftin, 2 seyarey\u00ean zirx\u00ee hatin \u00eemhakirin \u00fb seyareyek hate derbkirin.<\/p>\n<p><strong>Her\u00eama Firat\u00ea<\/strong><\/p>\n<p>Kom\u00ean \u00e7ete y\u00ean art\u00ea\u015fa dagirker li bi pi\u015ftgiriya balafir\u00ean \u015fer, balafir\u00ean ke\u015ff\u00ea \u00fb \u00e7ek\u00ean giran \u00ear\u00ee\u015f birin li ser gund\u00ean bak\u00fbr\u00e7 Eyn \u00cesa \u00fb \u00c7elebiy\u00ea. H\u00eaz\u00ean me di \u00e7ar\u00e7oveya parastina rewa de bersiva hem\u00fb \u00ear\u00ee\u015fan dan. Li gund\u00ean Webd\u00ea, Kafiya \u00fb Wasta pev\u00ea\u00e7\u00fbn\u00ean giran qewim\u00een. Di encama bersivdana heval\u00ean me \u00fb pev\u00e7\u00fbn\u00ean ku qewim\u00een de hejmarek ji \u00e7eteyan hatin ku\u015ftin \u00fb br\u00eendarkirin.<\/p>\n<p>Di van \u015fer \u00fb pev\u00e7\u00fbnan de bi k\u00eaman\u00ee 3 \u00e7ete hatin ku\u015ftin, gelek hatin br\u00eendar kirin \u00fb 3 panzer hatin r\u00fbxandin.<\/p>\n<p>Herwiha 6 r\u00eaheval\u00ean me bi leheng\u00ee \u015fer kirin \u00fb \u015feh\u00eed ketin, 9 heval\u00ean me y\u00ea ku ber\u00ea p\u00eawendiya me bi wan re qut bib\u00fb j\u00ee hat zelal kirin ku \u015feh\u00eed ketine. Her wiha 21 heval\u00ean me j\u00ee br\u00eendar b\u00fbn.<\/p>\n<p><strong>Navenda Ragihandina QSD<\/strong><\/p>\n<p><strong>21 Cotmeha 2019<\/strong><\/p>\n","protected":false},"excerpt":{"rendered":"<p>Encam\u00ean \u015fer \u00fb berxwedana roja 12em\u00een li rojavay\u00ea Kurdistan \u00fb bak\u00fbr\u00ea S\u00fbriy\u00ea \u00a0Ser\u00eakaniy\u00ea Art\u00ea\u015fa dagirker a Tirk \u00fb \u00e7etey\u00ean gir\u00eaday\u00ee w\u00ea \u00ear\u00ee\u015f\u00ean xwe li ser her\u00eam\u00ean agirbest\u00ea domandin. Di d\u00eeroka 20\u00ea Cotmeh\u00ea de kom\u00ean \u00e7ete y\u00ean art\u00ea\u015fa dagirker bi pi\u015ftgiriya balafir\u00ean ke\u015ff\u00ea \u00fb balafir\u00ean \u015fer hewl dan li xet\u00ean gund\u00ea Menacir a ba\u015f\u00fbr\u00ea Ser\u00eakaniy\u00ea \u00fb [&hellip;]<\/p>\n","protected":false},"author":1,"featured_media":14184,"comment_status":"closed","ping_status":"closed","sticky":false,"template":"","format":"standard","meta":{"footnotes":""},"categories":[39],"tags":[],"class_list":{"0":"post-9601","1":"post","2":"type-post","3":"status-publish","4":"format-standard","5":"has-post-thumbnail","7":"category-daxuyani"},"_links":{"self":[{"href":"https:\/\/ypjrojava.net\/index.php?rest_route=\/wp\/v2\/posts\/9601","targetHints":{"allow":["GET"]}}],"collection":[{"href":"https:\/\/ypjrojava.net\/index.php?rest_route=\/wp\/v2\/posts"}],"about":[{"href":"https:\/\/ypjrojava.net\/index.php?rest_route=\/wp\/v2\/types\/post"}],"author":[{"embeddable":true,"href":"https:\/\/ypjrojava.net\/index.php?rest_route=\/wp\/v2\/users\/1"}],"replies":[{"embeddable":true,"href":"https:\/\/ypjrojava.net\/index.php?rest_route=%2Fwp%2Fv2%2Fcomments&post=9601"}],"version-history":[{"count":2,"href":"https:\/\/ypjrojava.net\/index.php?rest_route=\/wp\/v2\/posts\/9601\/revisions"}],"predecessor-version":[{"id":14183,"href":"https:\/\/ypjrojava.net\/index.php?rest_route=\/wp\/v2\/posts\/9601\/revisions\/14183"}],"wp:featuredmedia":[{"embeddable":true,"href":"https:\/\/ypjrojava.net\/index.php?rest_route=\/wp\/v2\/media\/14184"}],"wp:attachment":[{"href":"https:\/\/ypjrojava.net\/index.php?rest_route=%2Fwp%2Fv2%2Fmedia&parent=9601"}],"wp:term":[{"taxonomy":"category","embeddable":true,"href":"https:\/\/ypjrojava.net\/index.php?rest_route=%2Fwp%2Fv2%2Fcategories&post=9601"},{"taxonomy":"post_tag","embeddable":true,"href":"https:\/\/ypjrojava.net\/index.php?rest_route=%2Fwp%2Fv2%2Ftags&post=9601"}],"curies":[{"name":"wp","href":"https:\/\/api.w.org\/{rel}","templated":true}]}}