{"id":9605,"date":"2019-10-22T11:32:55","date_gmt":"2019-10-22T11:32:55","guid":{"rendered":"https:\/\/ypjrojava.net\/?p=9605"},"modified":"2022-06-30T06:06:18","modified_gmt":"2022-06-30T06:06:18","slug":"axin-nucan-berxwedana-heyi-berxwedana-carenuse-ye","status":"publish","type":"post","link":"https:\/\/ypjrojava.net\/?p=9605","title":{"rendered":"Ax\u00een N\u00fbcan: Berxwedana Hey\u00ee Berxwedana \u00c7aren\u00fbs\u00ea ye"},"content":{"rendered":"<p>Fermandara YPJ&#8217;\u00ea Ax\u00een N\u00fbcan destn\u00ee\u015fan kir ku dewleta Tirk ji bo qirkirin\u00ea \u00fb guhertina demografiy\u00ea \u00ear\u00ee\u015f dike \u00fb an\u00ee ziman, berxwedana r\u00fbmet\u00ea ya li dij\u00ee v\u00ea dagirkeriy\u00ea t\u00ea kirin berxwedana diyarkirina \u00e7aren\u00fbs\u00ea ye<\/p>\n<p>Ji fermandar\u00ean YPJ&#8217;\u00ea Ax\u00een N\u00fbcan, \u00ear\u00ee\u015f\u00ean dagirkeriy\u00ea y\u00ean dewleta Tirk \u00ean li dij\u00ee Bakur \u00fb Rojhilat\u00ea S\u00fbriyey\u00ea weke dagirkeriya li dij\u00ee gelan p\u00eanase kir ku di 9&#8217;\u00ea Cotmeh\u00ea de destp\u00ea kir. N\u00fbcan got, &#8220;Ev yek qirkirine, d\u00fbrxistina gelan ji xaka xwe ye, guhertina demografiya her\u00eam\u00ea ye.&#8221;<\/p>\n<p>Fermandar N\u00fbcan destp\u00eak\u00ea bal ki\u015fand ser berxwedana \u015fervanan \u00fb got, &#8220;\u015eervan\u00ean ku di oxira azadiy\u00ea de li ber xwe didin \u00fb can\u00ea xwe feda kirine em wan hevalan bib\u00eertinin \u00fb ji heval\u00ean xwe y\u00ean bir\u00eendar re \u015f\u00eefa dixwazin. Ev 11 roj in li Ser\u00eakaniy\u00ea berxwedaniyek d\u00eerok\u00ee ya ku mirov nikare bi rihet\u00ee p\u00eanaseya w\u00ea bike t\u00ea me\u015fandin. Ev berxwedan\u00ee, duyem\u00een berxwedana Koban\u00ea ye. \u00a0Em minnetdar\u00ea berxwed\u00ear\u00ean r\u00fbmet\u00ea ne.&#8221;<\/p>\n<p><strong>&#8216;DAGIRKERIYA DEWLETA TIRK DAGIRKIRINA V\u00ceNA GELANE&#8217;<\/strong><\/p>\n<p>N\u00fbcan destn\u00ee\u015fan kir ku \u015fervan\u00ean wan ji bo r\u00fbmeta tevahiya mirovahiy\u00ea li ber xwe didin \u00fb got, &#8220;Ev dagirkeriya dewleta Tirk dagirkeriya li dij\u00ee v\u00eena gelan hem\u00fbyane. Ji ber ku li v\u00ea herem\u00ea ne \u00a0ten\u00ea gel\u00ea Kurd heye, gelek gel\u00ean cuda \u00fb ol\u00ean cuda hene. Ev her\u00eam moza\u00eeka gelane. Y\u00ean ku dib\u00eajin em xwed\u00ee r\u00fbmetin p\u00eaw\u00eeste ber\u00ea xwe bidin Ser\u00eakaniy\u00ea.\u201d<\/p>\n<p><strong>&#8216;EV PLAN TEN\u00ca YA ERDOGAN N\u00ceNE&#8217;<\/strong><\/p>\n<p>N\u00fbcan destn\u00ee\u015fan kir ku \u00ear\u00ee\u015fa hey\u00ee ya dagirkeriy\u00ea be\u015fek ji konsepta gi\u015ft\u00ee ya li dij\u00ee \u015fore\u015fa wane \u00fb got, &#8220;Armanca v\u00ea dagirkeriy\u00ea d\u00fbrxistina gelan ji xaka xwe ye. Qirkirin \u00fb guheritna demografiy\u00ea ye. Dagirkeriya Tirk di \u015fexs\u00ea Erdogan de dixwaze \u00eemparatoriya xwe ya Osman\u00ee li v\u00ea her\u00eam\u00ea ji n\u00fb de ava bike. Erdogan ji xwe re nex\u015feyek x\u00eez kiriye, l\u00ea ya ku ji me re t\u00ea gotin cuda ye, nex\u015faya ku Erdogan ji xwe re x\u00eez kiriye cuda ye. Ev plan ten\u00ea ya Erdogan n\u00eene. Em weke gel, tevger \u00a0\u00fb r\u00eaxistina c\u00eevak\u00ee ya Rojava wisa dinirx\u00eenin. Ji ber ku h\u00eaz\u00ean desthiladar, hi\u015fmendiya r\u00eaxistin kirina civak\u00ea \u00a0ji bo xwe xeter dib\u00eenin. Ji bo v\u00ea yek\u00ea j\u00ee dixwazin ew h\u00eaza civak\u00ee ya ku dixwaze xwe r\u00eaxistin bike, bi dagirkirina v\u00ea ax\u00ea re bin bix\u00eenin. Erdogan roja yekem\u00een ya tevgera xwe a dagirkeriy\u00ea de ev got: \u2018Gava yekem\u00een ez\u00ea ax\u00ea paqij bikim \u00fb gava d\u00fbyem\u00een j\u00ee ez\u00ea li wan her\u00eaman ko\u00e7beran bic\u00eeh bikim.\u2019 Erdogan behsa k\u00eejan ko\u00e7beran dike, k\u00eejan malbat\u00ean ji gel\u00ea \u00a0Ser\u00eakaniy\u00ea li gel Erdogan e? Erdogan, niha gel\u00ea bi salan li ser xaka xwe dij\u00ee ji war\u00ea wan derdix\u00eene, di \u00a0vir de armanca Erdogan, dagirkirina her\u00eam\u00ea ye \u00fb bicihkirina \u00e7etey\u00ean xwe ye. Erdogan, li ser dijminahiya Kurdan di van kiryar\u00ean qir\u00eaj de, ten\u00ea h\u00eaza ku biryaran dixe mer\u00eeyet\u00ea ye.&#8221;<\/p>\n<p><strong>&#8216;QEB\u00dbLKIRINA \u015eERT\u00caN KU \u00ceRADEY\u00ca TESL\u00ceM WERDIGIRE NE P\u00caKANE&#8217;<\/strong><\/p>\n<p>N\u00fbcan bal ki\u015fand ser agirbesta ku ji bo p\u00eanc rojan hatiye ragihandin \u00fb an\u00ee ziman ku di \u00e7ar\u00e7oveya hin \u015fertan de wan j\u00ee qeb\u00fb lkirin. N\u00fbcan got, &#8220;L\u00ea bel\u00ea \u015fert\u00ean ku ew li ser telev\u00eezyonan t\u00eenin ziman ji y\u00ean ji me re gotine pir cuda ne. \u015eert\u00ean ku li ser telev\u00eezyonan t\u00eenin ziman, \u015fert\u00ean \u00eerade tesl\u00eem girtin\u00ea ye \u00fb ne m\u00fbmk\u00fbne em wan \u015fertan qebul bikin. Ti\u015ftek bi nav\u00ea agirbest\u00ea li hol\u00ea n\u00eene, armanca wan ten\u00ea guhertina rojev\u00ea ye. Ji ber ku li tevahiya dinyay\u00ea li dij\u00ee tevgera dagirkeriya Erdogan neraz\u00eeb\u00fbn\u00ean dijwar r\u00fb dan \u00fb \u00ead\u00ee hatib\u00fb asta ku li ser Erdogan biryar b\u00ea wergirtin. Armanca biryara ku hate girtin j\u00ee bertek\u00ean li hember\u00ee Erdogan nerm kirin e. Heta niha j\u00ee heval\u00ean me, li Ser\u00eakaniy\u00ea li hember\u00ee \u00ear\u00ee\u015f\u00ean hovane \u00fb tekn\u00eeka dewleta dagirker li ber xwe didin. Heta niha j\u00ee ne Erdogan ne j\u00ee tu rayedar \u00fb wez\u00eer\u00ean dewleta Tirk, nav\u00ea agirbest\u00ea bikar ne an\u00eene, dib\u00eajin me navber da ye. Ji roja agirbest\u00ea destp\u00eakir\u00ee bigre \u00fb roja destp\u00eaka berxwedan\u00ea, heval\u00ean me y\u00ean \u015feh\u00eed b\u00fbne, bir\u00eendar b\u00fbne \u00fb gel\u00ea me y\u00ea ku hatine qetil kirin, berpirsiyar\u00ea wan hemuyan ne ten\u00ea Erdogane, berpirsyar\u00ea w\u00ea dewleta Emer\u00eeka ye. Bila hem\u00fb c\u00eehan v\u00ea rastiy\u00ea bizanibe.&#8221;<\/p>\n<p><strong>&#8216;LI DIJ\u00ce ME BI ERDOGAN RE B\u00dbNE YEK \u00db BIRYARAN WERDIGIRIN&#8217;<\/strong><\/p>\n<p>Fermandar N\u00fbcan bi b\u00eer xist ku heta doh wan li dij\u00ee DA\u00ce\u015e&#8217;\u00ea \u015fer dikirin ku DA\u00ce\u015e&#8217;\u00ea perwerdeya xwe ji Erdogan werdigirt \u00fb got, &#8220;\u00c7awa \u00e7\u00eadibe ku Erdogan niha ji me re dib\u00eaje &#8216;h\u00fbn teror\u00eest in&#8217;. H\u00eaza ku li gel me, li hember\u00ee \u00a0DAI\u015e\u2019\u00ea \u015fer kir, \u00eero \u00e7\u00fbye li dij\u00ee me bi Erdogan re b\u00fbne yek \u00fb biryaran digrin. \u00cero zarok\u00ean li Ser\u00eakaniy\u00ea \u015feh\u00eed dikevin, ew \u00e7awa dibin teror\u00eest? \u00a0\u00c7awa dayik\u00ean li ser xaka xwe dij\u00een \u00fb \u015fervan\u00ean v\u00ee gel\u00ee dibin teror\u00eest? Em helwest\u00ean jinan \u00fb hem\u00fb cihan\u00ea, ya ku pi\u015ftgir\u00ee didin Berxwedaniya R\u00fbmet\u00ea slav dikin \u00fb p\u00eaw\u00eeste li hember\u00ee v\u00ea dagirkeriya li ser gelan t\u00ea kirin helwest\u00ean wan h\u00een xurttir bibe.&#8221;<\/p>\n<p><strong>&#8216;RUH\u00ca YPJ&#8217;\u00ca GIR\u00caDAN \u00db FELSEFEYA JIYAN\u00ca YE&#8217;<\/strong><\/p>\n<p>N\u00fbcan destn\u00ee\u015fan kir ku p\u00eanasekirina berxwedan \u00fb t\u00eako\u015f\u00eena \u015fervan\u00ean YPJ \u00fb QSD&#8217;\u00ea neh\u00easane \u00fb got, &#8220;Ji ber ku bi rih\u00eak\u00ee nay\u00ea p\u00eanase kirin, li Ser\u00eakaniy\u00ea li ber xwe didin. Niha hem\u00fb \u015fervan\u00ean me dixwezin bi\u00e7in di berxwedana Ser\u00eakaniy\u00ea de cih bigrin. Em hem\u00fb heval\u00ean xwe bi zor\u00ea didin sekinandin. Ji ber \u015fervan\u00ean me, dizanin \u015fer\u00ea ku li Ser\u00eakaniy\u00ea t\u00ea me\u015fandin \u015fer\u00ea qeder\u00ea ye, yan jiyanek azad yan j\u00ee maf\u00ea jiyan\u00ea ji bo xwe napejir\u00eenin. Roja ku \u015fore\u015f destp\u00ea kiriy\u00ea heta niha h\u00eaz\u00ean YPJ\u2019\u00ea bi rih\u00ea p\u00ea\u015fengiy\u00ea li hem\u00fb qadan tevl\u00eeb\u00fby\u00eenek xurt didin \u00e7\u00eakirin. \u00cero di berxwedaniya Cenga Rojava de, di \u015fexs\u00ea fermandar Z\u00een Koban\u00ea, N\u00earg\u00eez, Rohan\u00ee, Nupelda \u00fb pir heval\u00ean d\u00eetir de heman tevl\u00ee b\u00fby\u00een heye. Heval\u00ean me niha li Ser\u00eakaniy\u00ea li hember\u00ee mirin\u00ea dikenin. Dib\u00eajin \u2018em dervay\u00ee serkeftin\u00ea t\u00fb ti\u015ftek din nafikirin.\u2019Ev gir\u00eadan b\u00fby\u00een \u00fb felsefeya jiyana azad e.&#8221;<\/p>\n<p>Fermandar Nucan, ji bo xwed\u00eederketina li Berxwedana R\u00fbmet\u00ea bang li gel kir.<\/p>\n<p><strong>J<\/strong><strong>i ANF-Hatiye Girtin <\/strong><\/p>\n<p>&nbsp;<\/p>\n","protected":false},"excerpt":{"rendered":"<p>Fermandara YPJ&#8217;\u00ea Ax\u00een N\u00fbcan destn\u00ee\u015fan kir ku dewleta Tirk ji bo qirkirin\u00ea \u00fb guhertina demografiy\u00ea \u00ear\u00ee\u015f dike \u00fb an\u00ee ziman, berxwedana r\u00fbmet\u00ea ya li dij\u00ee v\u00ea dagirkeriy\u00ea t\u00ea kirin berxwedana diyarkirina \u00e7aren\u00fbs\u00ea ye Ji fermandar\u00ean YPJ&#8217;\u00ea Ax\u00een N\u00fbcan, \u00ear\u00ee\u015f\u00ean dagirkeriy\u00ea y\u00ean dewleta Tirk \u00ean li dij\u00ee Bakur \u00fb Rojhilat\u00ea S\u00fbriyey\u00ea weke dagirkeriya li dij\u00ee gelan [&hellip;]<\/p>\n","protected":false},"author":1,"featured_media":14746,"comment_status":"closed","ping_status":"closed","sticky":false,"template":"","format":"standard","meta":{"footnotes":""},"categories":[38],"tags":[],"class_list":{"0":"post-9605","1":"post","2":"type-post","3":"status-publish","4":"format-standard","5":"has-post-thumbnail","7":"category-nuce"},"_links":{"self":[{"href":"https:\/\/ypjrojava.net\/index.php?rest_route=\/wp\/v2\/posts\/9605","targetHints":{"allow":["GET"]}}],"collection":[{"href":"https:\/\/ypjrojava.net\/index.php?rest_route=\/wp\/v2\/posts"}],"about":[{"href":"https:\/\/ypjrojava.net\/index.php?rest_route=\/wp\/v2\/types\/post"}],"author":[{"embeddable":true,"href":"https:\/\/ypjrojava.net\/index.php?rest_route=\/wp\/v2\/users\/1"}],"replies":[{"embeddable":true,"href":"https:\/\/ypjrojava.net\/index.php?rest_route=%2Fwp%2Fv2%2Fcomments&post=9605"}],"version-history":[{"count":3,"href":"https:\/\/ypjrojava.net\/index.php?rest_route=\/wp\/v2\/posts\/9605\/revisions"}],"predecessor-version":[{"id":9609,"href":"https:\/\/ypjrojava.net\/index.php?rest_route=\/wp\/v2\/posts\/9605\/revisions\/9609"}],"wp:featuredmedia":[{"embeddable":true,"href":"https:\/\/ypjrojava.net\/index.php?rest_route=\/wp\/v2\/media\/14746"}],"wp:attachment":[{"href":"https:\/\/ypjrojava.net\/index.php?rest_route=%2Fwp%2Fv2%2Fmedia&parent=9605"}],"wp:term":[{"taxonomy":"category","embeddable":true,"href":"https:\/\/ypjrojava.net\/index.php?rest_route=%2Fwp%2Fv2%2Fcategories&post=9605"},{"taxonomy":"post_tag","embeddable":true,"href":"https:\/\/ypjrojava.net\/index.php?rest_route=%2Fwp%2Fv2%2Ftags&post=9605"}],"curies":[{"name":"wp","href":"https:\/\/api.w.org\/{rel}","templated":true}]}}