{"id":9610,"date":"2019-10-22T11:51:02","date_gmt":"2019-10-22T11:51:02","guid":{"rendered":"https:\/\/ypjrojava.net\/?p=9610"},"modified":"2019-10-22T12:48:07","modified_gmt":"2019-10-22T12:48:07","slug":"daxuyaniya-navenda-ragihandine-ya-qsde","status":"publish","type":"post","link":"https:\/\/ypjrojava.net\/?p=9610","title":{"rendered":"Ji Raya Gi\u015ft\u00ee Re"},"content":{"rendered":"<p><strong>Encama \u015fer <\/strong><strong>\u00fb <\/strong><strong>berxwedana roja 13em\u00een a li dij<\/strong><strong>\u00ee \u00ea<\/strong><strong>r\u00ee\u015f\u00ean art\u00ea\u015fa dagirker a Tirk li Rojavay<\/strong><strong>\u00ea <\/strong><strong>Kurdistan<\/strong><strong>\u00ea \u00fb <\/strong><strong>Bak<\/strong><strong>\u00fb<\/strong><strong>r<\/strong><strong>\u00ea <\/strong><strong>S<\/strong><strong>\u00fb<\/strong><strong>riy<\/strong><strong>\u00ea<\/strong><\/p>\n<p>Art\u00ea\u015fa Tirk a dagirker di d\u00eeroka 21\u00ea Cotmeh\u00ea de careke din r\u00eakeftina agirbest\u00ea bin p\u00ea kir \u00fb li gelek her\u00eaman bi balafir\u00ean b\u00ea mirov \u00ear\u00ee\u015f bir li ser \u00e7eper\u00ean \u015fervan\u00ean QSD\u00ea.<\/p>\n<p><strong>SER<\/strong><strong>\u00caKAN\u00ce<\/strong><\/p>\n<p>Art\u00ea\u015fa dagirker li gund\u00ean Eb\u00fb Rasen, Mor\u00eaks, Mi\u015frefa \u00fb Menacir gelek caran hewl da ku \u00ear\u00ee\u015f bibe ser \u00e7eper\u00ean h\u00eaz\u00ean me. Kom\u00ean \u00e7ete bi wesay\u00eet\u00ean zirx\u00ee \u00fb \u00e7ek\u00ean giran \u00ear\u00ee\u015f\u00ee van gundan kirin. H\u00eaz\u00ean me di \u00e7ar\u00e7oveya parastina rewa de bersiva van \u00ear\u00ee\u015fan dan, di encam de hejmarek ji \u00e7eteyan hatin ku\u015ftin \u00fb panzereke wan hat ruxandin.<\/p>\n<p><strong>AM\u00dbD\u00ca<\/strong><\/p>\n<p>Kom\u00ean \u00e7ete y\u00ean ku dixwestin s\u00eenor derbas bikin \u00fb her\u00eam\u00ean n\u00fb dagir bikin rast\u00ee bersiva h\u00eaz\u00ean me hatin. Di bersivdana \u015fervan\u00ean me de panzerek hate r\u00fbxandin. Art\u00ea\u015fa dagirker li ser r\u00eaka Til Temir \u00fb li rojavay\u00ea bajar\u00ea Dirb\u00easiy\u00ea bi balafir\u00ean b\u00ea mirov \u00ear\u00ee\u015f bir ser \u00e7eper\u00ean h\u00eaz\u00ean me \u00fb welatiy\u00ean s\u00eev\u00eel, 2 \u00ear\u00ee\u015f p\u00eak an\u00een. Di encama \u00ear\u00ee\u015f\u00ea de 3 heval\u00ean me \u015feh\u00eed b\u00fbn, 3 heval\u00ean me br\u00eendar b\u00fbn.<\/p>\n<p><strong>EYN \u00ceSA<\/strong><\/p>\n<p>Kom\u00ean \u00e7ete xwestin bi al\u00eekariya wesay\u00eet\u00ean zirx\u00ee \u00fb \u00e7ek\u00ean giran \u00ear\u00ee\u015f bibin ser gund\u00ean Mi\u015f\u00earfa \u00fb Berberiy\u00ea. H\u00eaz\u00ean me \u00e7ar\u00e7oveya parastina rewa de bersiva van \u00ear\u00ee\u015fan dan \u00fb hejmarek ji \u00e7eteyan hatin ku\u015ftin. Li heman her\u00eam\u00ea di encama \u00ear\u00ee\u015f\u00ean heway\u00ee de 2 heval\u00ean me \u015feh\u00eed bun. 3 heval\u00ean me ji bir\u00eendar bune.<\/p>\n<p>Di \u00ear\u00ee\u015f\u00ean art\u00ea\u015fa dagirker \u00fb di encama bersivdana h\u00eaz\u00ean me de ji dehan z\u00eadetir \u00e7ete hatin ku\u015ftin, 2 panzer hatin r\u00fbxandin.<\/p>\n<p>Di berxwedan\u00ea de 5 r\u00eaheval\u00ean me bi leheng\u00ee \u015fer kirin \u00fb \u015feh\u00eed ketin, 6 heval\u00ean me bir\u00eendar b\u00fbn.<\/p>\n<p><strong>Navenda Ragihandina QSD<\/strong><\/p>\n<p><strong>22 Cotmeha 2019<\/strong><\/p>\n","protected":false},"excerpt":{"rendered":"<p>Encama \u015fer \u00fb berxwedana roja 13em\u00een a li dij\u00ee \u00ear\u00ee\u015f\u00ean art\u00ea\u015fa dagirker a Tirk li Rojavay\u00ea Kurdistan\u00ea \u00fb Bak\u00fbr\u00ea S\u00fbriy\u00ea Art\u00ea\u015fa Tirk a dagirker di d\u00eeroka 21\u00ea Cotmeh\u00ea de careke din r\u00eakeftina agirbest\u00ea bin p\u00ea kir \u00fb li gelek her\u00eaman bi balafir\u00ean b\u00ea mirov \u00ear\u00ee\u015f bir li ser \u00e7eper\u00ean \u015fervan\u00ean QSD\u00ea. SER\u00caKAN\u00ce Art\u00ea\u015fa dagirker li [&hellip;]<\/p>\n","protected":false},"author":1,"featured_media":9536,"comment_status":"closed","ping_status":"closed","sticky":false,"template":"","format":"standard","meta":{"footnotes":""},"categories":[39],"tags":[],"class_list":{"0":"post-9610","1":"post","2":"type-post","3":"status-publish","4":"format-standard","5":"has-post-thumbnail","7":"category-daxuyani"},"_links":{"self":[{"href":"https:\/\/ypjrojava.net\/index.php?rest_route=\/wp\/v2\/posts\/9610","targetHints":{"allow":["GET"]}}],"collection":[{"href":"https:\/\/ypjrojava.net\/index.php?rest_route=\/wp\/v2\/posts"}],"about":[{"href":"https:\/\/ypjrojava.net\/index.php?rest_route=\/wp\/v2\/types\/post"}],"author":[{"embeddable":true,"href":"https:\/\/ypjrojava.net\/index.php?rest_route=\/wp\/v2\/users\/1"}],"replies":[{"embeddable":true,"href":"https:\/\/ypjrojava.net\/index.php?rest_route=%2Fwp%2Fv2%2Fcomments&post=9610"}],"version-history":[{"count":4,"href":"https:\/\/ypjrojava.net\/index.php?rest_route=\/wp\/v2\/posts\/9610\/revisions"}],"predecessor-version":[{"id":9614,"href":"https:\/\/ypjrojava.net\/index.php?rest_route=\/wp\/v2\/posts\/9610\/revisions\/9614"}],"wp:featuredmedia":[{"embeddable":true,"href":"https:\/\/ypjrojava.net\/index.php?rest_route=\/wp\/v2\/media\/9536"}],"wp:attachment":[{"href":"https:\/\/ypjrojava.net\/index.php?rest_route=%2Fwp%2Fv2%2Fmedia&parent=9610"}],"wp:term":[{"taxonomy":"category","embeddable":true,"href":"https:\/\/ypjrojava.net\/index.php?rest_route=%2Fwp%2Fv2%2Fcategories&post=9610"},{"taxonomy":"post_tag","embeddable":true,"href":"https:\/\/ypjrojava.net\/index.php?rest_route=%2Fwp%2Fv2%2Ftags&post=9610"}],"curies":[{"name":"wp","href":"https:\/\/api.w.org\/{rel}","templated":true}]}}