{"id":9676,"date":"2019-10-23T15:35:06","date_gmt":"2019-10-23T15:35:06","guid":{"rendered":"https:\/\/ypjrojava.net\/?p=9676"},"modified":"2022-06-21T12:35:04","modified_gmt":"2022-06-21T12:35:04","slug":"ji-raya-gisti-re-6","status":"publish","type":"post","link":"https:\/\/ypjrojava.net\/?p=9676","title":{"rendered":"JI RAYA GI\u015eT\u00ce RE"},"content":{"rendered":"<p>&nbsp;<\/p>\n<p>Em di kesayeta r\u00eaheval Bar\u00een, Hevr\u00een \u00fb Amara de tevah\u00ee jin\u00ean berxwed\u00ear \u00fb teko\u015f\u00eenvan bi r\u00eazdar\u00ee b\u00eert\u00eenin \u00fb soza me daye wan n\u00fb dikin.<\/p>\n<p>Di \u00eavara 21 Cotmeh\u00ea de, li gund\u00ea \u00c7elb\u00ea y\u00ea gir\u00eaday\u00ee Koban\u00ea ye, \u015fervan\u00ean me dema di \u00e7er\u00e7eveya maf\u00ea parastina rewa de, di \u00e7eper\u00ean xwe da b\u00fbn. Dewleta Tirk \u00fb \u00e7etey\u00ean w\u00ee tev\u00ee agirbesta hey\u00ee, bi \u00e7ek\u00ean giran \u00eari\u015f\u00ee wan dikin. \u015eervan\u00ean me di \u00e7er\u00e7aveya maf\u00ea xwe parastin\u00ea de bersiv dane art\u00ea\u015fa Tirk \u00fb \u00e7etey\u00ean w\u00ee. Hevala me Amara \u00fb komek r\u00eaheval\u00ea me heya k\u00ealiya daw\u00ee li ber xwe didin. Ev kiryar\u00ean \u00e7etey\u00ean dewleta Tirk li ser bedena r\u00eahevala me Amara kiriye, r\u00eabaz\u00ean \u00e7etey\u00ean DAI\u015e\u2019\u00ea bi xwe ye. \u015eervan\u00ean me di Berxwedana R\u00fbmet\u00ea de, sekneke feda\u00ee, di ser\u00ee de li Ser\u00ea Kaniy\u00ea, Gir\u00ea Sp\u00ee \u00fb hem\u00fb \u00e7eperan de li hember\u00ee dagirkeriya \u00e7etey\u00ean dewleta Tirk raber kirin. Ev k\u00een \u00fb h\u00easa \u00e7eteyan encama berxwedaniya \u015fervan\u00ean me ye.<\/p>\n<p>Dewleta Tirk, angu dewleta \u00e7eteyan, ji bo \u00e7anda kevnar ya di \u015fexs\u00ea jin de tems\u00eela xwe dib\u00eene ji hol\u00ea rake, hov\u00eetiy\u00ean her\u00ee mezin bi dest\u00ea kom\u00ean \u00e7ete di \u015fexs\u00ea jin\u00ean teko\u015f\u00eener de dide jiyan kirin. \u00c7etey\u00ean gir\u00eaday\u00ee dewleta Tirk a dagirker, kiyar\u00ean hovane y\u00ea \u00eero li ser bedena r\u00eahevala me Amara kiriye encam \u00fb asta fa\u015f\u00eezma dewlet\u00ea dide diyarkirin. Duh li Efr\u00een\u00ea Bar\u00een b\u00fb, \u00eero j\u00ee Hevr\u00een \u00fb Amara ne. Ev kiryar\u00ean qir\u00eaj \u00fb b\u00ea exlaq\u00ee y\u00ean \u00eero t\u00eane kirin encama politikaya S\u00fbriy\u00ea yaTrump \u00fb Putin<\/p>\n<p>Li ser w\u00ea bingeh\u00ea em bang, di ser\u00ee de li tevah\u00ee jin\u00ean c\u00eehan\u00ea, saz\u00ee \u00fb dezgeh\u00ean jinan y\u00ea maf\u00ea mirovan dikin bila helwesta xwe li hember\u00ee dagirkeriya dewleta Tirk dest n\u00ee\u015fan bikin. \u00c7awa hem\u00fb jin\u00ean c\u00eehan\u00ea di dema ku YPJ\u2019\u00ea \u015fer\u00ea li dij\u00ee \u00e7etey\u00ean DAI\u015e\u2019\u00ea dikir de desteka mezin da \u00fb teko\u015f\u00eena YPJ\u2019\u00ea weke teko\u015f\u00eena xwe d\u00eetin, \u00eero j\u00ee heman helwest ji hem\u00fb jinan t\u00ea xwestin. Em bang li hem\u00fb civaka navnetew\u00ee \u00fb saziy\u00ean maf\u00ean mirovan dikin ku bi lezg\u00een\u00ee, li hember\u00ee van kiryar\u00ean qirkirina jinan dike armanc bisekinin.<\/p>\n<p>Ev hov\u00eetiya mezin ya t\u00ea kirin, w\u00ea ti car\u00ee v\u00een \u00fb biryardariya me ya maf\u00ean rewa gavek\u00ee pa\u015fve nex\u00eene. Ji bo em lay\u00eeq\u00ee, Bar\u00een, Hevr\u00een \u00fb Amara bibin, \u00e7i ked \u00fb berd\u00eal ji me were xwestin em amade ne bikin. Em careke din soza xwe ya parastina hem\u00fb jinan \u00fb di \u015fex\u00ea jin de parastina hem\u00fb nirx\u00ean civak\u00ea \u00fb \u015fore\u015fa Bak\u00fbr-Rojhilat\u00ea S\u00fbriy\u00ea derxistiye, careke din dubare dikin.<\/p>\n<p><strong>Nasnameya r\u00eahevala me ya \u015feh\u00eed wiha ye;<\/strong><\/p>\n<p>&nbsp;<\/p>\n<p><img loading=\"lazy\" decoding=\"async\" class=\"alignnone size-medium wp-image-9677\" src=\"http:\/\/ypjrojava.net\/wp-content\/uploads\/2019\/10\/AMARA-RENAS-215x300.jpeg\" alt=\"\" width=\"215\" height=\"300\" srcset=\"https:\/\/ypjrojava.net\/wp-content\/uploads\/2019\/10\/AMARA-RENAS-215x300.jpeg 215w, https:\/\/ypjrojava.net\/wp-content\/uploads\/2019\/10\/AMARA-RENAS-733x1024.jpeg 733w, https:\/\/ypjrojava.net\/wp-content\/uploads\/2019\/10\/AMARA-RENAS.jpeg 751w\" sizes=\"auto, (max-width: 215px) 100vw, 215px\" \/><\/p>\n<p>&nbsp;<\/p>\n<p><strong>Nasnav:<\/strong> AMARA R\u00caNAS<\/p>\n<p><strong>Nav \u00fb Pa\u015fnav:<\/strong> AZ\u0130ZE CELAL<\/p>\n<p><strong>Nav\u00ea Day\u00eek:<\/strong> NEZAHAT<\/p>\n<p><strong>Nav\u00ea Bav:<\/strong> EZ\u00ceZ<\/p>\n<p><strong>Cih \u00fb D\u00eeroka \u015eehadet\u00ea: <\/strong>21.10.2019<strong> \/ <\/strong>KOBAN\u00ca<\/p>\n<p>&nbsp;<\/p>\n<p><strong>Fermandariya Gi\u015ft\u00ee A YPJ<\/strong><\/p>\n<p><strong>23.10.2019 <\/strong><\/p>\n<p>&nbsp;<\/p>\n<p>&nbsp;<\/p>\n<p><img loading=\"lazy\" decoding=\"async\" class=\" wp-image-14086 aligncenter\" src=\"https:\/\/ypjrojava.net\/wp-content\/uploads\/2019\/10\/amara-renas-197x300.png\" alt=\"\" width=\"278\" height=\"424\" srcset=\"https:\/\/ypjrojava.net\/wp-content\/uploads\/2019\/10\/amara-renas-197x300.png 197w, https:\/\/ypjrojava.net\/wp-content\/uploads\/2019\/10\/amara-renas.png 479w\" sizes=\"auto, (max-width: 278px) 100vw, 278px\" \/><\/p>\n<p><img loading=\"lazy\" decoding=\"async\" class=\"size-medium wp-image-14090 aligncenter\" src=\"https:\/\/ypjrojava.net\/wp-content\/uploads\/2019\/10\/Azize-Celal-Amara-Renas-scaled-1-279x300.jpg\" alt=\"\" width=\"279\" height=\"300\" srcset=\"https:\/\/ypjrojava.net\/wp-content\/uploads\/2019\/10\/Azize-Celal-Amara-Renas-scaled-1-279x300.jpg 279w, https:\/\/ypjrojava.net\/wp-content\/uploads\/2019\/10\/Azize-Celal-Amara-Renas-scaled-1-954x1024.jpg 954w, https:\/\/ypjrojava.net\/wp-content\/uploads\/2019\/10\/Azize-Celal-Amara-Renas-scaled-1-768x824.jpg 768w, https:\/\/ypjrojava.net\/wp-content\/uploads\/2019\/10\/Azize-Celal-Amara-Renas-scaled-1-1431x1536.jpg 1431w, https:\/\/ypjrojava.net\/wp-content\/uploads\/2019\/10\/Azize-Celal-Amara-Renas-scaled-1-1908x2048.jpg 1908w\" sizes=\"auto, (max-width: 279px) 100vw, 279px\" \/><\/p>\n","protected":false},"excerpt":{"rendered":"<p>&nbsp; Em di kesayeta r\u00eaheval Bar\u00een, Hevr\u00een \u00fb Amara de tevah\u00ee jin\u00ean berxwed\u00ear \u00fb teko\u015f\u00eenvan bi r\u00eazdar\u00ee b\u00eert\u00eenin \u00fb soza me daye wan n\u00fb dikin. Di \u00eavara 21 Cotmeh\u00ea de, li gund\u00ea \u00c7elb\u00ea y\u00ea gir\u00eaday\u00ee Koban\u00ea ye, \u015fervan\u00ean me dema di \u00e7er\u00e7eveya maf\u00ea parastina rewa de, di \u00e7eper\u00ean xwe da b\u00fbn. Dewleta Tirk \u00fb \u00e7etey\u00ean [&hellip;]<\/p>\n","protected":false},"author":1,"featured_media":14088,"comment_status":"closed","ping_status":"closed","sticky":false,"template":"","format":"standard","meta":{"footnotes":""},"categories":[39],"tags":[],"class_list":{"0":"post-9676","1":"post","2":"type-post","3":"status-publish","4":"format-standard","5":"has-post-thumbnail","7":"category-daxuyani"},"_links":{"self":[{"href":"https:\/\/ypjrojava.net\/index.php?rest_route=\/wp\/v2\/posts\/9676","targetHints":{"allow":["GET"]}}],"collection":[{"href":"https:\/\/ypjrojava.net\/index.php?rest_route=\/wp\/v2\/posts"}],"about":[{"href":"https:\/\/ypjrojava.net\/index.php?rest_route=\/wp\/v2\/types\/post"}],"author":[{"embeddable":true,"href":"https:\/\/ypjrojava.net\/index.php?rest_route=\/wp\/v2\/users\/1"}],"replies":[{"embeddable":true,"href":"https:\/\/ypjrojava.net\/index.php?rest_route=%2Fwp%2Fv2%2Fcomments&post=9676"}],"version-history":[{"count":5,"href":"https:\/\/ypjrojava.net\/index.php?rest_route=\/wp\/v2\/posts\/9676\/revisions"}],"predecessor-version":[{"id":14091,"href":"https:\/\/ypjrojava.net\/index.php?rest_route=\/wp\/v2\/posts\/9676\/revisions\/14091"}],"wp:featuredmedia":[{"embeddable":true,"href":"https:\/\/ypjrojava.net\/index.php?rest_route=\/wp\/v2\/media\/14088"}],"wp:attachment":[{"href":"https:\/\/ypjrojava.net\/index.php?rest_route=%2Fwp%2Fv2%2Fmedia&parent=9676"}],"wp:term":[{"taxonomy":"category","embeddable":true,"href":"https:\/\/ypjrojava.net\/index.php?rest_route=%2Fwp%2Fv2%2Fcategories&post=9676"},{"taxonomy":"post_tag","embeddable":true,"href":"https:\/\/ypjrojava.net\/index.php?rest_route=%2Fwp%2Fv2%2Ftags&post=9676"}],"curies":[{"name":"wp","href":"https:\/\/api.w.org\/{rel}","templated":true}]}}