{"id":9706,"date":"2019-10-24T14:42:11","date_gmt":"2019-10-24T14:42:11","guid":{"rendered":"https:\/\/ypjrojava.net\/?p=9706"},"modified":"2022-06-22T04:42:39","modified_gmt":"2022-06-22T04:42:39","slug":"ji-raya-gisti-re-7","status":"publish","type":"post","link":"https:\/\/ypjrojava.net\/?p=9706","title":{"rendered":"JI RAYA GI\u015eT\u00ce RE"},"content":{"rendered":"<p><strong>Encama \u015fer <\/strong><strong>\u00fb berxwedana roja 15em\u00een li rojavay<\/strong><strong>\u00ea Kurdistan<\/strong><strong>\u00ea \u00fb bak<\/strong><strong>\u00fbr<\/strong><strong>\u00ea S<\/strong><strong>\u00fbriy<\/strong><strong>\u00ea<\/strong><\/p>\n<p><strong>\u00a0<\/strong><strong>Ser<\/strong><strong>\u00eakaniy<\/strong><strong>\u00ea<\/strong><\/p>\n<p>\u00car\u00ee\u015f\u00ean art\u00ea\u015fa Tirk dagirker \u00fb kom\u00ean \u00e7ete li gundewar\u00ean Ser\u00eakaniy\u00ea berdewam kirin. Art\u00ea\u015fa dagirker \u00fb kom\u00ean \u00e7ete hewl dan ku bi \u00e7ek\u00ean giran \u00fb seyarey\u00ean zirx\u00ee \u00ear\u00ee\u015f bibin ser gund\u00ea Cafa. Di bersivdana h\u00eaz\u00ean me de 6 \u00e7ete hatin ku\u015ftin \u00fb \u00ear\u00ee\u015f hat \u015fikandin. D\u00eesa li xeta gund\u00ea Elok\u00ea art\u00ea\u015fa dagirker bu balafir\u00ean b\u00ea mirov \u00ear\u00ee\u015f\u00ee her\u00eam\u00ean s\u00eev\u00eel kir.<\/p>\n<p><strong>D<\/strong><strong>\u00earik<\/strong><\/p>\n<p>Art\u00ea\u015fa dagirker \u00fb endam\u00ean MITa Tirk li ser xeta s\u00eenor tevgera xwe domandin.<\/p>\n<p><strong>Am<\/strong><strong>\u00fbd<\/strong><strong>\u00ea \u00fb Dirbesiy<\/strong><strong>\u00ea<\/strong><\/p>\n<p>H\u00eaz\u00ean me li her\u00eama gund\u00ea Kesra 2 \u00e7etey\u00ean gir\u00eaday\u00ee \u015faney\u00ean ve\u015fart\u00ee y\u00ean art\u00ea\u015fa dagirker girtin \u00fb l\u00eapirs\u00eena van \u015fexsan didome.<\/p>\n<p><strong>Koban\u00ee \u00fb Eyn \u00cesa<\/strong><\/p>\n<p>Art\u00ea\u015fa dagirker \u00fb kom\u00ean \u00e7ete bi \u00e7ek\u00ean giran \u00fb hejmarek z\u00eade \u00e7ete \u00ear\u00ee\u015f birin li ser gund\u00ean Evdik\u00ea, Bir K\u00eeno, Qandiriy\u00ea \u00fb C\u00fbdeyd\u00ea. H\u00eaz\u00ean me bersiva van \u00ear\u00ee\u015fan dan \u00fb pev\u00e7\u00fbn derketin. Di pev\u00e7\u00fbnan de r\u00eaheval Amara di encama pev\u00e7\u00fbnan de \u015feh\u00eed ket \u00fb cenazey\u00ea w\u00ea ji al\u00ee kom\u00ean \u00e7ete ve hat revandin. Di pev\u00e7\u00fbn\u00ean li gund\u00ea Evdik\u00ea ku heya seet\u00ean \u00eavar\u00ea berdewam kir de h\u00eaz\u00ean me bi awayek tund bersiv dan \u00ear\u00ee\u015fan. Di encama pev\u00e7\u00fbnan de tangek \u00fb panzerek kom\u00ean \u00e7ete hatin r\u00fbxandin, 25 \u00e7ete hatin ku\u015ftin \u00fb 20 \u00e7ete j\u00ee br\u00eendar b\u00fbn. Di \u00e7alakiy\u00ean ku h\u00eaz\u00ean me di \u00e7ar\u00e7oveya parastina rewa de li dar xist de hejmarek ji \u00e7etey\u00ean art\u00ea\u015fa dagirker hatin ku\u015ftin l\u00ea hejmarek zelal bi dest neket.<\/p>\n<p>Di encama \u015fer\u00ea 24 seetan de her\u00ee k\u00eam 31 \u00e7ete hatin ku\u015ftin, 20 \u00e7ete br\u00eendar b\u00fbn \u00fb 2 seyare hatin r\u00fbxandin. Ruxm\u00ea hem\u00fb dijwariya \u00ear\u00ee\u015f\u00ean art\u00ea\u015fa dagirker \u00fb kom\u00ean \u00e7ete j\u00ee \u00ear\u00ee\u015f\u00ean wan hatin \u015fikandin.<\/p>\n<p>Di v\u00ea berxwedan\u00ea de 3 r\u00eaheval\u00ean me bi leheng\u00ee \u015fer kirin \u00fb \u015feh\u00eed ketin, 4 heval\u00ean me br\u00eendar b\u00fbn.<\/p>\n<p>&nbsp;<\/p>\n<p><strong>Navenda Ragihandina QSD<\/strong><\/p>\n<p><strong>24<\/strong><strong>\u00ea <\/strong><strong>Cotmeha 2019<\/strong><\/p>\n","protected":false},"excerpt":{"rendered":"<p>Encama \u015fer \u00fb berxwedana roja 15em\u00een li rojavay\u00ea Kurdistan\u00ea \u00fb bak\u00fbr\u00ea S\u00fbriy\u00ea \u00a0Ser\u00eakaniy\u00ea \u00car\u00ee\u015f\u00ean art\u00ea\u015fa Tirk dagirker \u00fb kom\u00ean \u00e7ete li gundewar\u00ean Ser\u00eakaniy\u00ea berdewam kirin. Art\u00ea\u015fa dagirker \u00fb kom\u00ean \u00e7ete hewl dan ku bi \u00e7ek\u00ean giran \u00fb seyarey\u00ean zirx\u00ee \u00ear\u00ee\u015f bibin ser gund\u00ea Cafa. Di bersivdana h\u00eaz\u00ean me de 6 \u00e7ete hatin ku\u015ftin \u00fb \u00ear\u00ee\u015f [&hellip;]<\/p>\n","protected":false},"author":1,"featured_media":14182,"comment_status":"closed","ping_status":"closed","sticky":false,"template":"","format":"standard","meta":{"footnotes":""},"categories":[39],"tags":[],"class_list":{"0":"post-9706","1":"post","2":"type-post","3":"status-publish","4":"format-standard","5":"has-post-thumbnail","7":"category-daxuyani"},"_links":{"self":[{"href":"https:\/\/ypjrojava.net\/index.php?rest_route=\/wp\/v2\/posts\/9706","targetHints":{"allow":["GET"]}}],"collection":[{"href":"https:\/\/ypjrojava.net\/index.php?rest_route=\/wp\/v2\/posts"}],"about":[{"href":"https:\/\/ypjrojava.net\/index.php?rest_route=\/wp\/v2\/types\/post"}],"author":[{"embeddable":true,"href":"https:\/\/ypjrojava.net\/index.php?rest_route=\/wp\/v2\/users\/1"}],"replies":[{"embeddable":true,"href":"https:\/\/ypjrojava.net\/index.php?rest_route=%2Fwp%2Fv2%2Fcomments&post=9706"}],"version-history":[{"count":1,"href":"https:\/\/ypjrojava.net\/index.php?rest_route=\/wp\/v2\/posts\/9706\/revisions"}],"predecessor-version":[{"id":9707,"href":"https:\/\/ypjrojava.net\/index.php?rest_route=\/wp\/v2\/posts\/9706\/revisions\/9707"}],"wp:featuredmedia":[{"embeddable":true,"href":"https:\/\/ypjrojava.net\/index.php?rest_route=\/wp\/v2\/media\/14182"}],"wp:attachment":[{"href":"https:\/\/ypjrojava.net\/index.php?rest_route=%2Fwp%2Fv2%2Fmedia&parent=9706"}],"wp:term":[{"taxonomy":"category","embeddable":true,"href":"https:\/\/ypjrojava.net\/index.php?rest_route=%2Fwp%2Fv2%2Fcategories&post=9706"},{"taxonomy":"post_tag","embeddable":true,"href":"https:\/\/ypjrojava.net\/index.php?rest_route=%2Fwp%2Fv2%2Ftags&post=9706"}],"curies":[{"name":"wp","href":"https:\/\/api.w.org\/{rel}","templated":true}]}}