{"id":9708,"date":"2019-10-24T14:46:21","date_gmt":"2019-10-24T14:46:21","guid":{"rendered":"https:\/\/ypjrojava.net\/?p=9708"},"modified":"2022-06-22T04:40:05","modified_gmt":"2022-06-22T04:40:05","slug":"ji-raya-gisti-re-8","status":"publish","type":"post","link":"https:\/\/ypjrojava.net\/?p=9708","title":{"rendered":"JI RAYA GI\u015eT\u00ce RE"},"content":{"rendered":"<p><strong>Encam<\/strong><strong>\u00ean \u015fer <\/strong><strong>\u00fb berxwedana roja 14em\u00een li rojavay<\/strong><strong>\u00ea Kurdistan<\/strong><strong>\u00ea \u00fb bak<\/strong><strong>\u00fbr<\/strong><strong>\u00ea S<\/strong><strong>\u00fbriy<\/strong><strong>\u00ea<\/strong><\/p>\n<p><strong>\u00a0<\/strong>Art\u00ea\u015fa dagirker di d\u00eeroka 22\u00ea meh\u00ea de j\u00ee \u00ear\u00ee\u015f\u00ean xwe neda sekinandin.<\/p>\n<p>&nbsp;<\/p>\n<p><strong>Ser<\/strong><strong>\u00eakaniy<\/strong><strong>\u00ea<\/strong><\/p>\n<p>Kom\u00ean \u00e7ete xwestin bi seyarey\u00ean zirx\u00ee xwe n\u00eaz\u00ee \u00e7eper\u00ean \u015fervan\u00ean me bikin. H\u00eaz\u00ean me bi armanca parastin\u00ea bersiv dan v\u00ea tevger\u00ea \u00fb \u00e7eteyek hat ku\u015ftin.<\/p>\n<p>&nbsp;<\/p>\n<p><strong>D<\/strong><strong>\u00earik<\/strong><\/p>\n<p>Balafir\u00ean ke\u015ff\u00ea \u00fb y\u00ean \u015fer y\u00ean art\u00ea\u015fa dagirker li ser her\u00eam\u00ea di tevger\u00ea de b\u00fbn. Art\u00ea\u015fa dagirker di d\u00eeroka 22\u00ea meh\u00ea de li ser xeta s\u00eenor liv \u00fb tevgera xwe bi seyarey\u00ean s\u00eev\u00eel domand.<\/p>\n<p>&nbsp;<\/p>\n<p><strong>Her<\/strong><strong>\u00eam<\/strong><strong>\u00ean Koban<\/strong><strong>\u00ee \u00fb Eyn \u00cesa<\/strong><\/p>\n<p>Di d\u00eeroka 22\u00ea meh\u00ea, di seet 9\u00ea sib\u00ea de kom\u00ean \u00e7ete y\u00ean art\u00ea\u015fa dagirker bi hejmarek mezin \u00e7ete, seyarey\u00ean zirx\u00ee, \u00e7ek\u00ean giran \u00fb bi pi\u015ftgiriya balafir\u00ean b\u00ea mirov xwestin \u00ear\u00ee\u015f bibin ser gund\u00ea \u00c7elb\u00ea. H\u00eaz\u00ean me bersiv dan \u00ear\u00ee\u015fan \u00fb heya seet 12 pev\u00e7\u00fbn\u00ean giran qewim\u00een. Li vir gelek ku\u015ft\u00ee \u00fb br\u00eendar\u00ean art\u00ea\u015fa dagirker \u00e7\u00eab\u00fbn. D\u00eesa di pev\u00e7\u00fbn\u00ean li derdor\u00ea gund ku heya \u00eavar\u00ea berdewam kir de bi k\u00eaman\u00ee 50 \u00e7etey\u00ean art\u00ea\u015fa dagirker hatin ku\u015ftin, seyareyek zirx\u00ee hat r\u00fbxandin.<\/p>\n<p>Di encama bersivdana h\u00eaz\u00ean me li dij\u00ee \u00ear\u00ee\u015fan, bi k\u00eaman\u00ee 50 \u00e7ete hatin ku\u015ftin, seyareyek zirx\u00ee \u00fb motorek hatin r\u00fbxandin.<\/p>\n<p>Heval\u00ea me Sebr\u00ee, di pev\u00e7\u00fbna li gund\u00ea Celb\u00ea de bi awayek\u00ee leheng\u00ee heya fi\u015feka xwe ya daw\u00ee \u015fer kir. Heval Sebr\u00ee pi\u015ft\u00ee ku di encama br\u00eendariya hevr\u00eay\u00ean xwe de di dorp\u00e7a kom\u00ean \u00e7ete de ma, ji bo ku nekeve dest bi bombeya xwe \u00e7alakiyek feda\u00ee p\u00eak an\u00ee \u00fb \u015feh\u00eed ket. Hevr\u00ea Sebr\u00ee, di xeta Ar\u00een \u00fb Bar\u00eenan de, di k\u00ealiy\u00ean ku dijmin bawer dikir gih\u00ee\u015ft armanca xwe de bi armanca per\u00e7ekirina dorp\u00ea\u00e7a dijmin \u00e7alakiyek feda\u00ee p\u00eak an\u00ee. Em \u00ea agahiy\u00ean nasnameya r\u00eaheval Sebr\u00ee pi\u015ft re bi raya gi\u015ft\u00ee re parve bikin.<\/p>\n<p>&nbsp;<\/p>\n<p>Di v\u00ea berxwedan\u00ea bi gi\u015ft\u00ee de 16 r\u00eaheval\u00ean me \u015feh\u00eed ketin \u00fb 13 heval\u00ean me br\u00eendar b\u00fbn.<\/p>\n<p>&nbsp;<\/p>\n<p><strong>Navenda Ragihandina QSD<\/strong><\/p>\n<p><strong>23<\/strong><strong>\u00ea <\/strong><strong>Cotmeha 2019<\/strong><\/p>\n","protected":false},"excerpt":{"rendered":"<p>Encam\u00ean \u015fer \u00fb berxwedana roja 14em\u00een li rojavay\u00ea Kurdistan\u00ea \u00fb bak\u00fbr\u00ea S\u00fbriy\u00ea \u00a0Art\u00ea\u015fa dagirker di d\u00eeroka 22\u00ea meh\u00ea de j\u00ee \u00ear\u00ee\u015f\u00ean xwe neda sekinandin. &nbsp; Ser\u00eakaniy\u00ea Kom\u00ean \u00e7ete xwestin bi seyarey\u00ean zirx\u00ee xwe n\u00eaz\u00ee \u00e7eper\u00ean \u015fervan\u00ean me bikin. H\u00eaz\u00ean me bi armanca parastin\u00ea bersiv dan v\u00ea tevger\u00ea \u00fb \u00e7eteyek hat ku\u015ftin. &nbsp; D\u00earik Balafir\u00ean ke\u015ff\u00ea [&hellip;]<\/p>\n","protected":false},"author":1,"featured_media":14181,"comment_status":"closed","ping_status":"closed","sticky":false,"template":"","format":"standard","meta":{"footnotes":""},"categories":[39],"tags":[],"class_list":{"0":"post-9708","1":"post","2":"type-post","3":"status-publish","4":"format-standard","5":"has-post-thumbnail","7":"category-daxuyani"},"_links":{"self":[{"href":"https:\/\/ypjrojava.net\/index.php?rest_route=\/wp\/v2\/posts\/9708","targetHints":{"allow":["GET"]}}],"collection":[{"href":"https:\/\/ypjrojava.net\/index.php?rest_route=\/wp\/v2\/posts"}],"about":[{"href":"https:\/\/ypjrojava.net\/index.php?rest_route=\/wp\/v2\/types\/post"}],"author":[{"embeddable":true,"href":"https:\/\/ypjrojava.net\/index.php?rest_route=\/wp\/v2\/users\/1"}],"replies":[{"embeddable":true,"href":"https:\/\/ypjrojava.net\/index.php?rest_route=%2Fwp%2Fv2%2Fcomments&post=9708"}],"version-history":[{"count":1,"href":"https:\/\/ypjrojava.net\/index.php?rest_route=\/wp\/v2\/posts\/9708\/revisions"}],"predecessor-version":[{"id":9709,"href":"https:\/\/ypjrojava.net\/index.php?rest_route=\/wp\/v2\/posts\/9708\/revisions\/9709"}],"wp:featuredmedia":[{"embeddable":true,"href":"https:\/\/ypjrojava.net\/index.php?rest_route=\/wp\/v2\/media\/14181"}],"wp:attachment":[{"href":"https:\/\/ypjrojava.net\/index.php?rest_route=%2Fwp%2Fv2%2Fmedia&parent=9708"}],"wp:term":[{"taxonomy":"category","embeddable":true,"href":"https:\/\/ypjrojava.net\/index.php?rest_route=%2Fwp%2Fv2%2Fcategories&post=9708"},{"taxonomy":"post_tag","embeddable":true,"href":"https:\/\/ypjrojava.net\/index.php?rest_route=%2Fwp%2Fv2%2Ftags&post=9708"}],"curies":[{"name":"wp","href":"https:\/\/api.w.org\/{rel}","templated":true}]}}