{"id":9731,"date":"2019-10-25T07:09:22","date_gmt":"2019-10-25T07:09:22","guid":{"rendered":"https:\/\/ypjrojava.net\/?p=9731"},"modified":"2022-06-21T12:50:23","modified_gmt":"2022-06-21T12:50:23","slug":"ji-bo-raya-gisti-re","status":"publish","type":"post","link":"https:\/\/ypjrojava.net\/?p=9731","title":{"rendered":"Ji Raya Gi\u015ft\u00ee Re"},"content":{"rendered":"<p>Di \u00eavara 21\u2019\u00ea Cotmeh\u00ea seat 21\u2019an de \u00e7etey\u00ean dewleta Tirk a dagirker, \u00eari\u015f\u00ee g\u00fbnd\u00ea Mi\u015frefa y\u00ea gir\u00eaday\u00ee Eyn \u00cesa dikin. Di encama v\u00ea \u00eari\u015f\u00ea de \u015ferek\u00ee dijwar di navbera h\u00eaz\u00ean me \u00fb \u00e7eteyan de diqewime. R\u00eahevala me \u00c7\u00ee\u00e7ek Koban\u00ea, di ling\u00ea xwe de bir\u00eendar dibe \u00fb bi bir\u00eendar\u00ee d\u00eel dikeve dest\u00ea \u00e7etey\u00ean Erdoxan.<\/p>\n<p>Hevala me \u00c7\u00ee\u00e7ek, li Koban\u00ea ji dayik b\u00fbye. Ew j\u00ee weke ke\u00e7eke ciwan, ji bo welat\u00ea xwe gel\u00ea xwe bipar\u00eaze di \u015fer\u00ea li dij\u00ee \u00e7etey\u00ean DAI\u015e\u2019\u00ea de cih\u00ea xwe girtib\u00fb. Di Berxwedana R\u00fbmet\u00ea de, ji bo heb\u00fbna gel\u00ea xwe \u00fb r\u00fbmeta mirovahiy\u00ea bipar\u00eaze, bi ezmek\u00ee mezin li xeta Ey\u00een \u00cesa di eniya berxwedan\u00ea de cih\u00ea xwe digirt. Tev\u00ee biryara agirbest\u00ea hatiye girtin j\u00ee l\u00ea dewleta Tirk ya dagirker \u00fb \u00e7etey\u00ean w\u00ea, tu p\u00eevan\u00ean, \u015fer \u00fb exlaq\u00ee nas nakin, \u00eari\u015f\u00ean xwey\u00ee dagirkeriy\u00ea li ser erde, yek deqe nedane rawestandin. Li hember\u00ee v\u00ea kiryar\u00ean qirker y\u00ea dewleta Tirk, heval \u00c7\u00ee\u00e7ek biryardariya xwe wiha aniye ziman; \u201cEm \u00ea neh\u00ealin ev \u00e7ete gund \u00fb bajar\u00ean me dagir bikin \u00fb p\u00eal r\u00fbmeta me bikin.\u201d<\/p>\n<p>\u00c7etey\u00ean dewleta Tirk a dagirker bi \u015f\u00eawaz\u00ea DAI\u015e\u2019\u00ee, \u00eari\u015f\u00ee ser heb\u00fbna jinan dikin. Ev \u00eari\u015fa hovane, di \u015fexs\u00ea ev ke\u00e7a ciwan \u00fb par\u00eazvana welat\u00ea xwe de li ser hem\u00fb jina ye. Dewleta Tirk a dagirker \u00fb \u00e7etey\u00ean w\u00ea, binketina xwe di Berxwedana R\u00fbmet\u00ea de, bi belavkirina d\u00eemen\u00ea wiha re dixwezin ve\u015f\u00earin. Ev kiryar\u00ean b\u00ea exlaq\u00ee ku di \u015fexs\u00ea hevala me \u00c7\u00ee\u00e7ek de hatiye kirin li hember\u00ee hem\u00fb jin\u00ean Cihan\u00ea \u00fb bi taybet j\u00ee li hember\u00ee jin\u00ean Bak\u00fbr-Rojhelat\u00ea Suriy\u00ea hatiye kirin.<\/p>\n<p>Hevala me \u00c7\u00ee\u00e7ek bi awayek\u00ee bir\u00eendar, niha d\u00eel di dest\u00ea \u00e7etey\u00ean dewleta Tirk da ye. Jiyana w\u00ea di bin xeteriyeke mezin da ye. Em ji hem\u00fb c\u00eehan\u00ea re dib\u00eajin, jiyana ev ke\u00e7a ciwan di bin tehd\u00eedek\u00ee mezin da ye. Ev d\u00eemena hovane ya \u00e7eteyan belav kiriye v\u00ea rastiy\u00ea bi awayek\u00ee her\u00ee vekir\u00ee radixe ber \u00e7avan. Ev kiryar\u00ean qir\u00eaj di encama pol\u00eet\u00eeka \u00fb hevpey\u00eemana di navbera dewleta Emer\u00eeka, Rusya \u00fb Tirkiy\u00ea \u00e7\u00eab\u00fby\u00ee de ye.<\/p>\n<p>Li ser w\u00ea bingeh\u00ea em dib\u00eajin bi lezg\u00een\u00ee mudexeleyek ji aliy\u00ea civaka navnetew\u00ee ve p\u00eaw\u00eeste were kirin. Em bang li hem\u00fb jin\u00ean c\u00eehan\u00ea \u00fb saziy\u00ean maf\u00ea mirovan y\u00ea navnetew\u00ee dikin, bila ji v\u00ea hov\u00eetiya \u00e7etey\u00ean dewleta Tirk re deng\u00ea xwe bilind bikin. Li hember\u00ee van kiryar\u00ean ji exlaq\u00ea mirovahiy\u00ea b\u00ea parin b\u00ea deng may\u00een, hevkariya her\u00ee mezin ya li dij\u00ee mirovahiy\u00ea ye. P\u00eaw\u00eeste li hemberi v\u00ea zilm\u00ea \u00fb r\u00eabaz\u00ean ku \u015fikandina r\u00fbmeta jinan dike hedef hem\u00fb jin rabin ser piyan \u00fb deng\u00ea xwe bikin yek.<\/p>\n<p>&nbsp;<\/p>\n<p><strong>Fermandariya Gi\u015ft\u00ee A YPJ<\/strong><\/p>\n<p><strong>25.10.2019<\/strong><\/p>\n<p>&nbsp;<\/p>\n<p>&nbsp;<\/p>\n<p>&nbsp;<\/p>\n","protected":false},"excerpt":{"rendered":"<p>Di \u00eavara 21\u2019\u00ea Cotmeh\u00ea seat 21\u2019an de \u00e7etey\u00ean dewleta Tirk a dagirker, \u00eari\u015f\u00ee g\u00fbnd\u00ea Mi\u015frefa y\u00ea gir\u00eaday\u00ee Eyn \u00cesa dikin. Di encama v\u00ea \u00eari\u015f\u00ea de \u015ferek\u00ee dijwar di navbera h\u00eaz\u00ean me \u00fb \u00e7eteyan de diqewime. R\u00eahevala me \u00c7\u00ee\u00e7ek Koban\u00ea, di ling\u00ea xwe de bir\u00eendar dibe \u00fb bi bir\u00eendar\u00ee d\u00eel dikeve dest\u00ea \u00e7etey\u00ean Erdoxan. Hevala me [&hellip;]<\/p>\n","protected":false},"author":1,"featured_media":14093,"comment_status":"closed","ping_status":"closed","sticky":false,"template":"","format":"standard","meta":{"footnotes":""},"categories":[39],"tags":[],"class_list":{"0":"post-9731","1":"post","2":"type-post","3":"status-publish","4":"format-standard","5":"has-post-thumbnail","7":"category-daxuyani"},"_links":{"self":[{"href":"https:\/\/ypjrojava.net\/index.php?rest_route=\/wp\/v2\/posts\/9731","targetHints":{"allow":["GET"]}}],"collection":[{"href":"https:\/\/ypjrojava.net\/index.php?rest_route=\/wp\/v2\/posts"}],"about":[{"href":"https:\/\/ypjrojava.net\/index.php?rest_route=\/wp\/v2\/types\/post"}],"author":[{"embeddable":true,"href":"https:\/\/ypjrojava.net\/index.php?rest_route=\/wp\/v2\/users\/1"}],"replies":[{"embeddable":true,"href":"https:\/\/ypjrojava.net\/index.php?rest_route=%2Fwp%2Fv2%2Fcomments&post=9731"}],"version-history":[{"count":2,"href":"https:\/\/ypjrojava.net\/index.php?rest_route=\/wp\/v2\/posts\/9731\/revisions"}],"predecessor-version":[{"id":9733,"href":"https:\/\/ypjrojava.net\/index.php?rest_route=\/wp\/v2\/posts\/9731\/revisions\/9733"}],"wp:featuredmedia":[{"embeddable":true,"href":"https:\/\/ypjrojava.net\/index.php?rest_route=\/wp\/v2\/media\/14093"}],"wp:attachment":[{"href":"https:\/\/ypjrojava.net\/index.php?rest_route=%2Fwp%2Fv2%2Fmedia&parent=9731"}],"wp:term":[{"taxonomy":"category","embeddable":true,"href":"https:\/\/ypjrojava.net\/index.php?rest_route=%2Fwp%2Fv2%2Fcategories&post=9731"},{"taxonomy":"post_tag","embeddable":true,"href":"https:\/\/ypjrojava.net\/index.php?rest_route=%2Fwp%2Fv2%2Ftags&post=9731"}],"curies":[{"name":"wp","href":"https:\/\/api.w.org\/{rel}","templated":true}]}}