{"id":9737,"date":"2019-10-25T12:20:35","date_gmt":"2019-10-25T12:20:35","guid":{"rendered":"https:\/\/ypjrojava.net\/?p=9737"},"modified":"2022-06-22T06:19:47","modified_gmt":"2022-06-22T06:19:47","slug":"ji-raya-gisti-re-9","status":"publish","type":"post","link":"https:\/\/ypjrojava.net\/?p=9737","title":{"rendered":"JI RAYA GI\u015eT\u00ce RE"},"content":{"rendered":"<p><strong>Encama \u015fer <\/strong><strong>\u00fb berxwedana roja 16em\u00een ya li rojavay<\/strong><strong>\u00ea Kurdistan<\/strong><strong>\u00ea \u00fb bak<\/strong><strong>\u00fbr<\/strong><strong>\u00ea S<\/strong><strong>\u00fbriy<\/strong><strong>\u00ea<\/strong><\/p>\n<p><strong>\u00a0<\/strong>Balafir\u00ean b\u00ea mirov y\u00ean arrt\u00ea\u015fa dagirker li seranser\u00ea xeta s\u00eenor \u00fb bi taybet li her\u00eama Eyn \u00cesa \u00fb D\u00earik\u00ea tevgera xwe domandin. Li gelek xalan art\u00ea\u015fa dagirker bombebarana bi balafir\u00ean b\u00ea mirov domand.<\/p>\n<p><strong>Ser<\/strong><strong>\u00eakaniy<\/strong><strong>\u00ea<\/strong><\/p>\n<p>Art\u00ea\u015fa dagirker \u00fb kom\u00ean \u00e7ete bi pi\u015ftevaniya \u00e7ek\u00ean giran, seyarey\u00ean zirx\u00ee \u00fb balafir\u00ean b\u00ea mirov li seranser\u00ea xeta Ser\u00eakaniy\u00ea \u00ear\u00ee\u015f birin li ser \u00e7eper\u00ean \u015fervan\u00ean me y\u00ean li gund\u00ean Esediy\u00ea, Menacir, Gozeliy\u00ea, Erbe\u00een \u00fb Leylan. Di van gundan de heya seet\u00ean \u00eavar\u00ea pev\u00e7\u00fbn\u00ean giran qewim\u00een. Art\u00ea\u015fa dagirker li xeta gund\u00ea Menacir bi balafir\u00ean ke\u015ff\u00ea z\u00eadetir\u00ee 15 caran bombebaran p\u00eak an\u00ee. H\u00eaz\u00ean me bi heman away\u00ee bersiva \u00ear\u00ee\u015fan dan \u00fb hejmarek ji \u00e7eteyan ku\u015ftin, herwiha 2 seyarey\u00ean wan r\u00fbxandin. Di pev\u00e7\u00fbnan de bi gi\u015ft\u00ee 13 \u00e7ete hatin ku\u015ftin, gelek br\u00eendar b\u00fbn.<\/p>\n<p><strong>Koban\u00ee \u00fb Eyn \u00eesa<\/strong><\/p>\n<p>H\u00eaz\u00ean me di \u00e7ar\u00e7oveya parastina rewa de bersiva \u00ear\u00ee\u015f\u00ean art\u00ea\u015fa dagirker a li ser gund\u00ea Evdik\u00ea dan. D\u00eesa li gund\u00ea Mi\u015frefa \u00fb bejahiya w\u00ea art\u00ea\u015fa dagirker \u00fb kom\u00ean \u00e7ete bi \u00e7ek\u00ean giran \u00fb seyarey\u00ean zirx\u00ee \u00ear\u00ee\u015f birin li ser \u00e7eper\u00ean h\u00eaz\u00ean me. Di encama bersivdana h\u00eaz\u00ean me de pev\u00e7\u00fbn\u00ean giran qewim\u00een \u00fb gelek \u00e7ete hatin ku\u015ftin. H\u00eaz\u00ean me bi hawan, \u00e7ek\u00ean sekvan\u00ee \u00fb \u00e7ek\u00ean giran bersiva \u00ear\u00ee\u015fan dan. Di encama \u015fer de her\u00ee k\u00eam 31 \u00e7ete hatin ku\u015ftin, gelek br\u00eendar b\u00fbn, 3 seyarey\u00ean zirx\u00ee hatin r\u00fbxandin \u00fb BMPyek hate derbkirin.<\/p>\n<p>Di encama \u015fer de bi gi\u015ft\u00ee 44 \u00e7ete hatin ku\u015ftin, hejmarek z\u00eade br\u00eendar b\u00fbn.<\/p>\n<p>Herwiha 3 heval\u00ean me bi leheng\u00ee \u015fer kirin \u00fb \u015feh\u00eed ketin, 4 heval\u00ean me br\u00eendar b\u00fbn.<\/p>\n<p><strong>Navenda Ragihandina QSD<\/strong><\/p>\n<p><strong>25 Cotmeha 2019<\/strong><\/p>\n","protected":false},"excerpt":{"rendered":"<p>Encama \u015fer \u00fb berxwedana roja 16em\u00een ya li rojavay\u00ea Kurdistan\u00ea \u00fb bak\u00fbr\u00ea S\u00fbriy\u00ea \u00a0Balafir\u00ean b\u00ea mirov y\u00ean arrt\u00ea\u015fa dagirker li seranser\u00ea xeta s\u00eenor \u00fb bi taybet li her\u00eama Eyn \u00cesa \u00fb D\u00earik\u00ea tevgera xwe domandin. Li gelek xalan art\u00ea\u015fa dagirker bombebarana bi balafir\u00ean b\u00ea mirov domand. Ser\u00eakaniy\u00ea Art\u00ea\u015fa dagirker \u00fb kom\u00ean \u00e7ete bi pi\u015ftevaniya \u00e7ek\u00ean [&hellip;]<\/p>\n","protected":false},"author":1,"featured_media":14196,"comment_status":"closed","ping_status":"closed","sticky":false,"template":"","format":"standard","meta":{"footnotes":""},"categories":[39],"tags":[],"class_list":{"0":"post-9737","1":"post","2":"type-post","3":"status-publish","4":"format-standard","5":"has-post-thumbnail","7":"category-daxuyani"},"_links":{"self":[{"href":"https:\/\/ypjrojava.net\/index.php?rest_route=\/wp\/v2\/posts\/9737","targetHints":{"allow":["GET"]}}],"collection":[{"href":"https:\/\/ypjrojava.net\/index.php?rest_route=\/wp\/v2\/posts"}],"about":[{"href":"https:\/\/ypjrojava.net\/index.php?rest_route=\/wp\/v2\/types\/post"}],"author":[{"embeddable":true,"href":"https:\/\/ypjrojava.net\/index.php?rest_route=\/wp\/v2\/users\/1"}],"replies":[{"embeddable":true,"href":"https:\/\/ypjrojava.net\/index.php?rest_route=%2Fwp%2Fv2%2Fcomments&post=9737"}],"version-history":[{"count":2,"href":"https:\/\/ypjrojava.net\/index.php?rest_route=\/wp\/v2\/posts\/9737\/revisions"}],"predecessor-version":[{"id":9739,"href":"https:\/\/ypjrojava.net\/index.php?rest_route=\/wp\/v2\/posts\/9737\/revisions\/9739"}],"wp:featuredmedia":[{"embeddable":true,"href":"https:\/\/ypjrojava.net\/index.php?rest_route=\/wp\/v2\/media\/14196"}],"wp:attachment":[{"href":"https:\/\/ypjrojava.net\/index.php?rest_route=%2Fwp%2Fv2%2Fmedia&parent=9737"}],"wp:term":[{"taxonomy":"category","embeddable":true,"href":"https:\/\/ypjrojava.net\/index.php?rest_route=%2Fwp%2Fv2%2Fcategories&post=9737"},{"taxonomy":"post_tag","embeddable":true,"href":"https:\/\/ypjrojava.net\/index.php?rest_route=%2Fwp%2Fv2%2Ftags&post=9737"}],"curies":[{"name":"wp","href":"https:\/\/api.w.org\/{rel}","templated":true}]}}