{"id":9766,"date":"2019-10-26T09:17:50","date_gmt":"2019-10-26T09:17:50","guid":{"rendered":"https:\/\/ypjrojava.net\/?p=9766"},"modified":"2022-06-29T06:50:15","modified_gmt":"2022-06-29T06:50:15","slug":"dayiken-berxweder-parastina-welate-xwe-dikin","status":"publish","type":"post","link":"https:\/\/ypjrojava.net\/?p=9766","title":{"rendered":"Dayik\u00ean Berxwed\u00ear Parastina Welat\u00ea Xwe Dikin"},"content":{"rendered":"<p>&nbsp;<\/p>\n<p>Dayik\u00ean berxwed\u00ear, li Koban\u00ea y\u00ean cih\u00ea xwe di h\u00eaza parastina cewher\u00ee de digrin axiv\u00een \u00fb gotin em \u00ea j\u00ee weke \u015fervan\u00ean xwe welat \u00fb war\u00ean xwe bipar\u00eazin. Em \u00ea weke jin heya daw\u00ee li hember\u00ee \u00eari\u015f\u00ean dagirkeriya dewleta Tirk \u00fb \u00e7etey\u00ean w\u00ee El Nusra \u00fb DAI\u015e&#8217;\u00ea li ber xwe bidin. Ti\u015fta ji me were em \u00ea bikin. A niha j\u00ee em li ser haciz nobeta xwe digrin. Parastina xak\u00ea ji me hem\u00fbyan t\u00ea xwestin. Baweriya me heye em \u00ea bi h\u00eaza xwe \u00fb \u015fervan\u00ean xwe bi serbikevin.<\/p>\n<p><strong>Navenda Ragihandina YPJ<\/strong><\/p>\n<p><strong>25.10.2019-Koban\u00ea<\/strong><\/p>\n<p>&nbsp;<\/p>\n<p><iframe loading=\"lazy\" title=\"Dayik\u00ean Berxwed\u00ear Y\u00ean Di H\u00eaz\u00ean Parastina Cewher\u00ee De Cih Digrin\" width=\"696\" height=\"392\" src=\"https:\/\/www.youtube.com\/embed\/qJL-RyuvAik?feature=oembed\" frameborder=\"0\" allow=\"accelerometer; autoplay; clipboard-write; encrypted-media; gyroscope; picture-in-picture; web-share\" referrerpolicy=\"strict-origin-when-cross-origin\" allowfullscreen><\/iframe><\/p>\n","protected":false},"excerpt":{"rendered":"<p>&nbsp; Dayik\u00ean berxwed\u00ear, li Koban\u00ea y\u00ean cih\u00ea xwe di h\u00eaza parastina cewher\u00ee de digrin axiv\u00een \u00fb gotin em \u00ea j\u00ee weke \u015fervan\u00ean xwe welat \u00fb war\u00ean xwe bipar\u00eazin. Em \u00ea weke jin heya daw\u00ee li hember\u00ee \u00eari\u015f\u00ean dagirkeriya dewleta Tirk \u00fb \u00e7etey\u00ean w\u00ee El Nusra \u00fb DAI\u015e&#8217;\u00ea li ber xwe bidin. Ti\u015fta ji me were [&hellip;]<\/p>\n","protected":false},"author":1,"featured_media":14734,"comment_status":"closed","ping_status":"closed","sticky":false,"template":"","format":"standard","meta":{"footnotes":""},"categories":[38],"tags":[],"class_list":{"0":"post-9766","1":"post","2":"type-post","3":"status-publish","4":"format-standard","5":"has-post-thumbnail","7":"category-nuce"},"_links":{"self":[{"href":"https:\/\/ypjrojava.net\/index.php?rest_route=\/wp\/v2\/posts\/9766","targetHints":{"allow":["GET"]}}],"collection":[{"href":"https:\/\/ypjrojava.net\/index.php?rest_route=\/wp\/v2\/posts"}],"about":[{"href":"https:\/\/ypjrojava.net\/index.php?rest_route=\/wp\/v2\/types\/post"}],"author":[{"embeddable":true,"href":"https:\/\/ypjrojava.net\/index.php?rest_route=\/wp\/v2\/users\/1"}],"replies":[{"embeddable":true,"href":"https:\/\/ypjrojava.net\/index.php?rest_route=%2Fwp%2Fv2%2Fcomments&post=9766"}],"version-history":[{"count":3,"href":"https:\/\/ypjrojava.net\/index.php?rest_route=\/wp\/v2\/posts\/9766\/revisions"}],"predecessor-version":[{"id":14735,"href":"https:\/\/ypjrojava.net\/index.php?rest_route=\/wp\/v2\/posts\/9766\/revisions\/14735"}],"wp:featuredmedia":[{"embeddable":true,"href":"https:\/\/ypjrojava.net\/index.php?rest_route=\/wp\/v2\/media\/14734"}],"wp:attachment":[{"href":"https:\/\/ypjrojava.net\/index.php?rest_route=%2Fwp%2Fv2%2Fmedia&parent=9766"}],"wp:term":[{"taxonomy":"category","embeddable":true,"href":"https:\/\/ypjrojava.net\/index.php?rest_route=%2Fwp%2Fv2%2Fcategories&post=9766"},{"taxonomy":"post_tag","embeddable":true,"href":"https:\/\/ypjrojava.net\/index.php?rest_route=%2Fwp%2Fv2%2Ftags&post=9766"}],"curies":[{"name":"wp","href":"https:\/\/api.w.org\/{rel}","templated":true}]}}