{"id":9781,"date":"2019-10-26T11:40:19","date_gmt":"2019-10-26T11:40:19","guid":{"rendered":"https:\/\/ypjrojava.net\/?p=9781"},"modified":"2022-06-29T06:24:34","modified_gmt":"2022-06-29T06:24:34","slug":"ceteyen-el-nusra-daise-li-ser-reya-duali-erisi-servanan-kirin","status":"publish","type":"post","link":"https:\/\/ypjrojava.net\/?p=9781","title":{"rendered":"\u00c7etey\u00ean El-Nusra\/DAI\u015e&#8217;\u00ea Li Ser R\u00eaya Dual\u00ee \u00car\u00ee\u015f\u00ee \u015eervanan Kirin"},"content":{"rendered":"<p><strong>Lezgin:<\/strong><\/p>\n<p>Li derdor\u00ea gund\u00ea Tewila ya ku 10 km ji bajar\u00ea Til Temir \u00ea d\u00fbre \u00fb\u00a0 li ser r\u00eaya Duali ango M4 \u00e7etey\u00ean El-Nusra\/DAI\u015e&#8217;\u00ea\u00a0 \u00ear\u00ee\u015f\u00ee \u00e7eper\u00ean \u015fervanan kirin, di \u00e7er\u00e7oveya parastina rewa de \u015fervanan j\u00ee bersiva\u00a0 van \u00ear\u00ee\u015fan dan\u00a0 \u00fb di van k\u00ealiyan de\u00a0 j\u00ee \u015fer \u00fb pev\u00e7\u00fbn didome.<\/p>\n<p><strong>Navenda Ragihandina YPJ&#8217;\u00ea<\/strong><\/p>\n<p><strong>Til Temir- 26.10.2019<\/strong><\/p>\n<p>&nbsp;<\/p>\n<p><iframe loading=\"lazy\" title=\"Gund\u00ea Seyda y\u00ea Ku Gir\u00eaday\u00ee  Bajar\u00ea Eyn \u0130sa \u00fb R\u00eaya M4 ji aliy\u00ea Dewleta Tirk ve Hat Topbaran Kirin#YPJ\" width=\"696\" height=\"392\" src=\"https:\/\/www.youtube.com\/embed\/NfljQcCKsjY?feature=oembed\" frameborder=\"0\" allow=\"accelerometer; autoplay; clipboard-write; encrypted-media; gyroscope; picture-in-picture; web-share\" referrerpolicy=\"strict-origin-when-cross-origin\" allowfullscreen><\/iframe><\/p>\n","protected":false},"excerpt":{"rendered":"<p>Lezgin: Li derdor\u00ea gund\u00ea Tewila ya ku 10 km ji bajar\u00ea Til Temir \u00ea d\u00fbre \u00fb\u00a0 li ser r\u00eaya Duali ango M4 \u00e7etey\u00ean El-Nusra\/DAI\u015e&#8217;\u00ea\u00a0 \u00ear\u00ee\u015f\u00ee \u00e7eper\u00ean \u015fervanan kirin, di \u00e7er\u00e7oveya parastina rewa de \u015fervanan j\u00ee bersiva\u00a0 van \u00ear\u00ee\u015fan dan\u00a0 \u00fb di van k\u00ealiyan de\u00a0 j\u00ee \u015fer \u00fb pev\u00e7\u00fbn didome. Navenda Ragihandina YPJ&#8217;\u00ea Til Temir- 26.10.2019 [&hellip;]<\/p>\n","protected":false},"author":1,"featured_media":14730,"comment_status":"closed","ping_status":"closed","sticky":false,"template":"","format":"standard","meta":{"footnotes":""},"categories":[38],"tags":[],"class_list":{"0":"post-9781","1":"post","2":"type-post","3":"status-publish","4":"format-standard","5":"has-post-thumbnail","7":"category-nuce"},"_links":{"self":[{"href":"https:\/\/ypjrojava.net\/index.php?rest_route=\/wp\/v2\/posts\/9781","targetHints":{"allow":["GET"]}}],"collection":[{"href":"https:\/\/ypjrojava.net\/index.php?rest_route=\/wp\/v2\/posts"}],"about":[{"href":"https:\/\/ypjrojava.net\/index.php?rest_route=\/wp\/v2\/types\/post"}],"author":[{"embeddable":true,"href":"https:\/\/ypjrojava.net\/index.php?rest_route=\/wp\/v2\/users\/1"}],"replies":[{"embeddable":true,"href":"https:\/\/ypjrojava.net\/index.php?rest_route=%2Fwp%2Fv2%2Fcomments&post=9781"}],"version-history":[{"count":2,"href":"https:\/\/ypjrojava.net\/index.php?rest_route=\/wp\/v2\/posts\/9781\/revisions"}],"predecessor-version":[{"id":14731,"href":"https:\/\/ypjrojava.net\/index.php?rest_route=\/wp\/v2\/posts\/9781\/revisions\/14731"}],"wp:featuredmedia":[{"embeddable":true,"href":"https:\/\/ypjrojava.net\/index.php?rest_route=\/wp\/v2\/media\/14730"}],"wp:attachment":[{"href":"https:\/\/ypjrojava.net\/index.php?rest_route=%2Fwp%2Fv2%2Fmedia&parent=9781"}],"wp:term":[{"taxonomy":"category","embeddable":true,"href":"https:\/\/ypjrojava.net\/index.php?rest_route=%2Fwp%2Fv2%2Fcategories&post=9781"},{"taxonomy":"post_tag","embeddable":true,"href":"https:\/\/ypjrojava.net\/index.php?rest_route=%2Fwp%2Fv2%2Ftags&post=9781"}],"curies":[{"name":"wp","href":"https:\/\/api.w.org\/{rel}","templated":true}]}}