{"id":9783,"date":"2019-10-26T11:50:06","date_gmt":"2019-10-26T11:50:06","guid":{"rendered":"https:\/\/ypjrojava.net\/?p=9783"},"modified":"2019-10-26T11:50:06","modified_gmt":"2019-10-26T11:50:06","slug":"ji-raya-gisti-re-10","status":"publish","type":"post","link":"https:\/\/ypjrojava.net\/?p=9783","title":{"rendered":"Ji Raya Gi\u015ft\u00ee Re"},"content":{"rendered":"<p><strong>Encam<\/strong><strong>\u00ean \u015fer <\/strong><strong>\u00fb berxwedana roja 17em\u00een a li rojavay<\/strong><strong>\u00ea Kurdistan<\/strong><strong>\u00ea \u00fb bak<\/strong><strong>\u00fbr<\/strong><strong>\u00ea S<\/strong><strong>\u00fbriy<\/strong><strong>\u00ea<\/strong><\/p>\n<p><strong>\u00a0<\/strong><strong>Ser<\/strong><strong>\u00eakaniy<\/strong><strong>\u00ea<\/strong><\/p>\n<p>Art\u00ea\u015fa dagirker \u00fb kom\u00ean \u00e7ete y\u00ean di bin kontrola wan de li ba\u015f\u00fbr\u00ea bajar\u00ea Ser\u00eakaniy\u00ea li gund\u00ean Menacir, Esediy\u00ea, Leylan \u00fb B\u00eer N\u00fbh bi pi\u015ftevaniya \u00e7ek\u00ean giran \u00fb balafir\u00ean b\u00ea mirov \u00ear\u00ee\u015f birin ser \u00e7eper\u00ean \u015fervan\u00ean me. H\u00eaz\u00ean me di \u00e7ar\u00e7oveya parastina rewa de bersiva hem\u00fb \u00ear\u00ee\u015fan dan \u00fb li her\u00eam\u00ea pev\u00e7\u00fbn\u00ean dijwar r\u00fb dan. Di encama \u015fer de her\u00ee k\u00eam 10 \u00e7ete hatin ku\u015ftin, gelek br\u00eendar b\u00fbn, panzerek \u00fb seyareyek do\u00e7ka hatin r\u00fbxandin.<\/p>\n<p><strong>Am<\/strong><strong>\u00fbd<\/strong><strong>\u00ea \u00fb Dirbesiy<\/strong><strong>\u00ea<\/strong><\/p>\n<p>Art\u00ea\u015fa dagirker \u00fb kom\u00ean \u00e7ete \u00ear\u00ee\u015f birin ser gund\u00ea Derdara. H\u00eaz\u00ean me bersiva \u00ear\u00ee\u015fan dan \u00fb \u00ear\u00ee\u015f hatin \u015fikandin.<\/p>\n<p><strong>Koban\u00ee \u00fb Eyn \u00cesa<\/strong><\/p>\n<p>Art\u00ea\u015fa dagirker \u00fb kom\u00ean \u00e7ete y\u00ean bi ser ve li gund\u00ean \u00c7eleb\u00ea, Dibis, gundewar\u00ean bak\u00fbr\u00ea Eyn \u00cesa, Xirbet Faria, Mitme\u015frak \u00fb Evdik\u00ea Bi\u00e7\u00fbk bi \u00e7ek\u00ean giran \u00fb pi\u015ftgiriya balafir\u00ean b\u00ea mirov \u00ear\u00ee\u015f birin li ser her\u00eam\u00ean s\u00eev\u00eel \u00fb \u00e7eper\u00ean h\u00eaz\u00ean me. H\u00eaz\u00ean me di \u00e7ar\u00e7oveya parastina rewa de bersiva van \u00ear\u00ee\u015fan dan \u00fb li her\u00eam\u00ea pev\u00e7\u00fbn\u00ean giran qewim\u00ee. Di encama bersivdana h\u00eaz\u00ean me de \u00ear\u00ee\u015f hatin \u015fikandin \u00fb bi qas\u00ee ku hate zelalkirin 19 \u00e7etey\u00ean art\u00ea\u015fa dagirker hatin ku\u015ftin, herwiha hejmarek j\u00ee br\u00eendar b\u00fbn. D\u00eesa li v\u00ea her\u00eam\u00ea 2 panzer hatin r\u00fbxandin \u00fb yek hat derbkirin.<\/p>\n<p>Di encama bersivdana h\u00eaz\u00ean me ya li dij\u00ee \u00ear\u00ee\u015fan bi k\u00eaman\u00ee 29 \u00e7ete hatin ku\u015ftin, hejmarek z\u00eade br\u00eendar b\u00fbn, 4 seyarey\u00ean le\u015fker\u00ee hatin r\u00fbxandin \u00fb yek j\u00ee hat derbkirin.<\/p>\n<p>Di v\u00ea berxwedan\u00ea de hevalek me bi leheng\u00ee \u015fer kir \u00fb \u015feh\u00eed ket, 11 heval\u00ean me br\u00eendar b\u00fbn.<\/p>\n<p>&nbsp;<\/p>\n<p><strong>Navenda Ragihandina QSD<\/strong><\/p>\n<p><strong>26<\/strong><strong>\u00ea <\/strong><strong>Cotmeha 2019<\/strong><\/p>\n","protected":false},"excerpt":{"rendered":"<p>Encam\u00ean \u015fer \u00fb berxwedana roja 17em\u00een a li rojavay\u00ea Kurdistan\u00ea \u00fb bak\u00fbr\u00ea S\u00fbriy\u00ea \u00a0Ser\u00eakaniy\u00ea Art\u00ea\u015fa dagirker \u00fb kom\u00ean \u00e7ete y\u00ean di bin kontrola wan de li ba\u015f\u00fbr\u00ea bajar\u00ea Ser\u00eakaniy\u00ea li gund\u00ean Menacir, Esediy\u00ea, Leylan \u00fb B\u00eer N\u00fbh bi pi\u015ftevaniya \u00e7ek\u00ean giran \u00fb balafir\u00ean b\u00ea mirov \u00ear\u00ee\u015f birin ser \u00e7eper\u00ean \u015fervan\u00ean me. H\u00eaz\u00ean me di \u00e7ar\u00e7oveya [&hellip;]<\/p>\n","protected":false},"author":1,"featured_media":9536,"comment_status":"closed","ping_status":"closed","sticky":false,"template":"","format":"standard","meta":{"footnotes":""},"categories":[39],"tags":[],"class_list":{"0":"post-9783","1":"post","2":"type-post","3":"status-publish","4":"format-standard","5":"has-post-thumbnail","7":"category-daxuyani"},"_links":{"self":[{"href":"https:\/\/ypjrojava.net\/index.php?rest_route=\/wp\/v2\/posts\/9783","targetHints":{"allow":["GET"]}}],"collection":[{"href":"https:\/\/ypjrojava.net\/index.php?rest_route=\/wp\/v2\/posts"}],"about":[{"href":"https:\/\/ypjrojava.net\/index.php?rest_route=\/wp\/v2\/types\/post"}],"author":[{"embeddable":true,"href":"https:\/\/ypjrojava.net\/index.php?rest_route=\/wp\/v2\/users\/1"}],"replies":[{"embeddable":true,"href":"https:\/\/ypjrojava.net\/index.php?rest_route=%2Fwp%2Fv2%2Fcomments&post=9783"}],"version-history":[{"count":1,"href":"https:\/\/ypjrojava.net\/index.php?rest_route=\/wp\/v2\/posts\/9783\/revisions"}],"predecessor-version":[{"id":9784,"href":"https:\/\/ypjrojava.net\/index.php?rest_route=\/wp\/v2\/posts\/9783\/revisions\/9784"}],"wp:featuredmedia":[{"embeddable":true,"href":"https:\/\/ypjrojava.net\/index.php?rest_route=\/wp\/v2\/media\/9536"}],"wp:attachment":[{"href":"https:\/\/ypjrojava.net\/index.php?rest_route=%2Fwp%2Fv2%2Fmedia&parent=9783"}],"wp:term":[{"taxonomy":"category","embeddable":true,"href":"https:\/\/ypjrojava.net\/index.php?rest_route=%2Fwp%2Fv2%2Fcategories&post=9783"},{"taxonomy":"post_tag","embeddable":true,"href":"https:\/\/ypjrojava.net\/index.php?rest_route=%2Fwp%2Fv2%2Ftags&post=9783"}],"curies":[{"name":"wp","href":"https:\/\/api.w.org\/{rel}","templated":true}]}}