{"id":9785,"date":"2019-10-26T12:50:46","date_gmt":"2019-10-26T12:50:46","guid":{"rendered":"https:\/\/ypjrojava.net\/?p=9785"},"modified":"2022-06-29T06:08:19","modified_gmt":"2022-06-29T06:08:19","slug":"cete-li-gunde-evdike-erisi-servanan-kirin","status":"publish","type":"post","link":"https:\/\/ypjrojava.net\/?p=9785","title":{"rendered":"\u00c7ete Li Gund\u00ea Evdik\u00ea \u00cari\u015f\u00ee \u015eervanan Kirin"},"content":{"rendered":"<p><strong>Lezg\u00een:<\/strong><\/p>\n<p>Di navbera Gir\u00ea Spi \u00fb Koban\u00ea, li gund\u00ea Evdik\u00ea \u00e7ete \u00eari\u015f\u00ee \u015fervanan kirin. Li hember\u00ee\u00a0 \u00ear\u00ee\u015f\u00ean \u00e7eteyan, ji ber ku\u00a0 dixwastin p\u00ea\u015f de werin \u015fervanan j\u00ee\u00a0 bersiv da van \u00ear\u00ee\u015fan, di encam\u00ea de 9 roket li isabet\u00ea \u00e7eper\u00ea \u00e7eteyan kir. Di encam\u00ea de 5 \u00e7ete hatin ku\u015ftin, gelek birindar\u00ea wan j\u00ee hene. \u015eervan\u00a0 li hember\u00ee \u00e7eteyan berxwedanek\u00a0 mezin\u00a0 dan n\u00ee\u015fandan \u00fb\u00a0 \u00a0\u00e7ete pa\u015fva reviyan.<\/p>\n<p><strong>Navenda Ragihandina YPJ&#8217;\u00ea<\/strong><\/p>\n<p><strong>Koban\u00ea- Gir\u00ea Sp\u00ee- 26.10.2019<\/strong><\/p>\n<p>&nbsp;<\/p>\n<p><iframe loading=\"lazy\" title=\"Ji K\u00ealiyen Ku Dewleta Tirk a Dagirker Gund\u00ean Derdora Eyn \u00cesa Topbaran Dike\" width=\"696\" height=\"392\" src=\"https:\/\/www.youtube.com\/embed\/Eb47jVS71ho?feature=oembed\" frameborder=\"0\" allow=\"accelerometer; autoplay; clipboard-write; encrypted-media; gyroscope; picture-in-picture; web-share\" referrerpolicy=\"strict-origin-when-cross-origin\" allowfullscreen><\/iframe><\/p>\n","protected":false},"excerpt":{"rendered":"<p>Lezg\u00een: Di navbera Gir\u00ea Spi \u00fb Koban\u00ea, li gund\u00ea Evdik\u00ea \u00e7ete \u00eari\u015f\u00ee \u015fervanan kirin. Li hember\u00ee\u00a0 \u00ear\u00ee\u015f\u00ean \u00e7eteyan, ji ber ku\u00a0 dixwastin p\u00ea\u015f de werin \u015fervanan j\u00ee\u00a0 bersiv da van \u00ear\u00ee\u015fan, di encam\u00ea de 9 roket li isabet\u00ea \u00e7eper\u00ea \u00e7eteyan kir. Di encam\u00ea de 5 \u00e7ete hatin ku\u015ftin, gelek birindar\u00ea wan j\u00ee hene. \u015eervan\u00a0 li [&hellip;]<\/p>\n","protected":false},"author":1,"featured_media":14728,"comment_status":"closed","ping_status":"closed","sticky":false,"template":"","format":"standard","meta":{"footnotes":""},"categories":[38],"tags":[],"class_list":{"0":"post-9785","1":"post","2":"type-post","3":"status-publish","4":"format-standard","5":"has-post-thumbnail","7":"category-nuce"},"_links":{"self":[{"href":"https:\/\/ypjrojava.net\/index.php?rest_route=\/wp\/v2\/posts\/9785","targetHints":{"allow":["GET"]}}],"collection":[{"href":"https:\/\/ypjrojava.net\/index.php?rest_route=\/wp\/v2\/posts"}],"about":[{"href":"https:\/\/ypjrojava.net\/index.php?rest_route=\/wp\/v2\/types\/post"}],"author":[{"embeddable":true,"href":"https:\/\/ypjrojava.net\/index.php?rest_route=\/wp\/v2\/users\/1"}],"replies":[{"embeddable":true,"href":"https:\/\/ypjrojava.net\/index.php?rest_route=%2Fwp%2Fv2%2Fcomments&post=9785"}],"version-history":[{"count":6,"href":"https:\/\/ypjrojava.net\/index.php?rest_route=\/wp\/v2\/posts\/9785\/revisions"}],"predecessor-version":[{"id":14729,"href":"https:\/\/ypjrojava.net\/index.php?rest_route=\/wp\/v2\/posts\/9785\/revisions\/14729"}],"wp:featuredmedia":[{"embeddable":true,"href":"https:\/\/ypjrojava.net\/index.php?rest_route=\/wp\/v2\/media\/14728"}],"wp:attachment":[{"href":"https:\/\/ypjrojava.net\/index.php?rest_route=%2Fwp%2Fv2%2Fmedia&parent=9785"}],"wp:term":[{"taxonomy":"category","embeddable":true,"href":"https:\/\/ypjrojava.net\/index.php?rest_route=%2Fwp%2Fv2%2Fcategories&post=9785"},{"taxonomy":"post_tag","embeddable":true,"href":"https:\/\/ypjrojava.net\/index.php?rest_route=%2Fwp%2Fv2%2Ftags&post=9785"}],"curies":[{"name":"wp","href":"https:\/\/api.w.org\/{rel}","templated":true}]}}