{"id":9790,"date":"2019-10-26T13:12:54","date_gmt":"2019-10-26T13:12:54","guid":{"rendered":"https:\/\/ypjrojava.net\/?p=9790"},"modified":"2022-06-29T06:04:13","modified_gmt":"2022-06-29T06:04:13","slug":"artesa-tirk-a-dagirker-u-ceteyen-el-nusra-daise-erisi-sivilan-dikin","status":"publish","type":"post","link":"https:\/\/ypjrojava.net\/?p=9790","title":{"rendered":"Art\u00ea\u015fa Tirk A Dagirker \u00db \u00c7etey\u00ean El-Nusra\/DAI\u015e\u2019\u00ea \u00car\u00ee\u015f\u00ee S\u00eev\u00eelan Dikin"},"content":{"rendered":"<p><strong>LEZG\u0130N: <\/strong><\/p>\n<p>Di encama \u00ear\u00ee\u015f\u00ean art\u00ea\u015fa Tirk a dagirker \u00fb \u00e7etey\u00e9n Dai\u015f \u00fb\u00a0 El Nusra\u00a0 de jina bi nav\u00e8 Meryem Xelef Mihemed ya\u00a0 55 sal\u00ee li gund\u00e8 Esediy\u00e8 bi guleyek birindar b\u00fb .Mihemmed Mistefa Tahir j\u00ee bi bombeyek birindar b\u00fb. Her wiha \u015fervan\u00e8 QSD&#8217;\u00ea Ehmed Xelef Casim j\u00ee li gund\u00e8 Mir\u00e8kis a gir\u00e8dayi Zirgan\u00ea bir\u00eendar b\u00fb. Di van k\u00ealiyan de \u015fer \u00fb pev\u00e7\u00fbn li van her\u00eaman dijware ku\u015ft\u00ee \u00fb bir\u00eendar\u00ea dijmin\u00a0 hene.<\/p>\n<p><strong>Navenda Ragihandina YPJ&#8217;\u00ea\u00a0<\/strong><\/p>\n<p><strong>Ser<\/strong><strong>\u00ea Kaniy\u00ea-26.10.2019<\/strong><\/p>\n<p>&nbsp;<\/p>\n<p><iframe loading=\"lazy\" title=\"Lezg\u00een; Careke din Eyn \u00cesa Rast\u00ee Topbarana Giran Hat \u00fb Day\u00eekek Bir\u00eendar B\u00fb #YPJ\" width=\"696\" height=\"392\" src=\"https:\/\/www.youtube.com\/embed\/m7XMcREk_UM?feature=oembed\" frameborder=\"0\" allow=\"accelerometer; autoplay; clipboard-write; encrypted-media; gyroscope; picture-in-picture; web-share\" referrerpolicy=\"strict-origin-when-cross-origin\" allowfullscreen><\/iframe><\/p>\n","protected":false},"excerpt":{"rendered":"<p>LEZG\u0130N: Di encama \u00ear\u00ee\u015f\u00ean art\u00ea\u015fa Tirk a dagirker \u00fb \u00e7etey\u00e9n Dai\u015f \u00fb\u00a0 El Nusra\u00a0 de jina bi nav\u00e8 Meryem Xelef Mihemed ya\u00a0 55 sal\u00ee li gund\u00e8 Esediy\u00e8 bi guleyek birindar b\u00fb .Mihemmed Mistefa Tahir j\u00ee bi bombeyek birindar b\u00fb. Her wiha \u015fervan\u00e8 QSD&#8217;\u00ea Ehmed Xelef Casim j\u00ee li gund\u00e8 Mir\u00e8kis a gir\u00e8dayi Zirgan\u00ea bir\u00eendar b\u00fb. [&hellip;]<\/p>\n","protected":false},"author":1,"featured_media":14725,"comment_status":"closed","ping_status":"closed","sticky":false,"template":"","format":"standard","meta":{"footnotes":""},"categories":[38],"tags":[],"class_list":{"0":"post-9790","1":"post","2":"type-post","3":"status-publish","4":"format-standard","5":"has-post-thumbnail","7":"category-nuce"},"_links":{"self":[{"href":"https:\/\/ypjrojava.net\/index.php?rest_route=\/wp\/v2\/posts\/9790","targetHints":{"allow":["GET"]}}],"collection":[{"href":"https:\/\/ypjrojava.net\/index.php?rest_route=\/wp\/v2\/posts"}],"about":[{"href":"https:\/\/ypjrojava.net\/index.php?rest_route=\/wp\/v2\/types\/post"}],"author":[{"embeddable":true,"href":"https:\/\/ypjrojava.net\/index.php?rest_route=\/wp\/v2\/users\/1"}],"replies":[{"embeddable":true,"href":"https:\/\/ypjrojava.net\/index.php?rest_route=%2Fwp%2Fv2%2Fcomments&post=9790"}],"version-history":[{"count":2,"href":"https:\/\/ypjrojava.net\/index.php?rest_route=\/wp\/v2\/posts\/9790\/revisions"}],"predecessor-version":[{"id":14726,"href":"https:\/\/ypjrojava.net\/index.php?rest_route=\/wp\/v2\/posts\/9790\/revisions\/14726"}],"wp:featuredmedia":[{"embeddable":true,"href":"https:\/\/ypjrojava.net\/index.php?rest_route=\/wp\/v2\/media\/14725"}],"wp:attachment":[{"href":"https:\/\/ypjrojava.net\/index.php?rest_route=%2Fwp%2Fv2%2Fmedia&parent=9790"}],"wp:term":[{"taxonomy":"category","embeddable":true,"href":"https:\/\/ypjrojava.net\/index.php?rest_route=%2Fwp%2Fv2%2Fcategories&post=9790"},{"taxonomy":"post_tag","embeddable":true,"href":"https:\/\/ypjrojava.net\/index.php?rest_route=%2Fwp%2Fv2%2Ftags&post=9790"}],"curies":[{"name":"wp","href":"https:\/\/api.w.org\/{rel}","templated":true}]}}