{"id":9802,"date":"2019-10-27T07:06:05","date_gmt":"2019-10-27T07:06:05","guid":{"rendered":"https:\/\/ypjrojava.net\/?p=9802"},"modified":"2022-06-28T09:38:23","modified_gmt":"2022-06-28T09:38:23","slug":"artesa-dagirker-a-tirk-u-ceteyen-dais-u-el-nusra-erisi-gunde-babil-xer-kirin","status":"publish","type":"post","link":"https:\/\/ypjrojava.net\/?p=9802","title":{"rendered":"Art\u00ea\u015fa Dagirker A Tirk \u00db \u00c7etey\u00ean DA\u00ce\u015e \u00db El N\u00fbsra \u00car\u00ee\u015f\u00ee G\u00fbnd\u00ea Babil X\u00ear Kirin"},"content":{"rendered":"<p><strong>LEZG\u00ceN:<\/strong><\/p>\n<p>Art\u00ea\u015fa dagirker a Tirk \u00fb \u00e7etey\u00ean DA\u00ce\u015e \u00fb El N\u00fbsra y\u00ea di seet\u00ean \u00eavar\u00ea de \u00ear\u00ee\u015f\u00ee g\u00fbnd\u00ea Babil X\u00ear a gir\u00eaday\u00ee nav\u00e7eya Zirgan ya bi ser Ser\u00eakaniy\u00ea ve kirin. Bi silah\u00ean giran \u00fb heman dem\u00ee bi koordineya ke\u015ff\u00ea bi obis,tanq \u00fb hawanan \u00ear\u00ee\u015f\u00ee g\u00fbnd kirin. \u015eervan\u00ean QSD \u00fb YPJ&#8217;\u00ea j\u00ee bi tund\u00ee bersiva van \u00ear\u00ee\u015fan dan. Di encam\u00ea de y\u00ean ku bi \u00e7av hatin d\u00eetin, 22 \u00e7ete hatine ku\u015ftin \u00fb 5 seyyar\u00eay\u00ean\u00a0 wan di bin denetima \u015fervanan de ye. Panzerek wan j\u00ee\u00a0 hatiy\u00ea derb kirin.<\/p>\n<p><strong>Navenda Ragihandina YPJ&#8217;\u00ea<\/strong><\/p>\n<p><strong>Ser\u00ea Kaniy\u00ea-27.10.2019<\/strong><\/p>\n<p>&nbsp;<\/p>\n<p><iframe loading=\"lazy\" title=\"\u00c7etey\u00ean Dagirker Xwastin Li BAB ELX\u00caR \u00cari\u015f\u00ee \u015eervanan Bikin L\u00ea \u015eervanan Bersiv Dan.\" width=\"696\" height=\"522\" src=\"https:\/\/www.youtube.com\/embed\/2tu0vYor9Z4?feature=oembed\" frameborder=\"0\" allow=\"accelerometer; autoplay; clipboard-write; encrypted-media; gyroscope; picture-in-picture; web-share\" referrerpolicy=\"strict-origin-when-cross-origin\" allowfullscreen><\/iframe><\/p>\n","protected":false},"excerpt":{"rendered":"<p>LEZG\u00ceN: Art\u00ea\u015fa dagirker a Tirk \u00fb \u00e7etey\u00ean DA\u00ce\u015e \u00fb El N\u00fbsra y\u00ea di seet\u00ean \u00eavar\u00ea de \u00ear\u00ee\u015f\u00ee g\u00fbnd\u00ea Babil X\u00ear a gir\u00eaday\u00ee nav\u00e7eya Zirgan ya bi ser Ser\u00eakaniy\u00ea ve kirin. Bi silah\u00ean giran \u00fb heman dem\u00ee bi koordineya ke\u015ff\u00ea bi obis,tanq \u00fb hawanan \u00ear\u00ee\u015f\u00ee g\u00fbnd kirin. \u015eervan\u00ean QSD \u00fb YPJ&#8217;\u00ea j\u00ee bi tund\u00ee bersiva van [&hellip;]<\/p>\n","protected":false},"author":1,"featured_media":14714,"comment_status":"closed","ping_status":"closed","sticky":false,"template":"","format":"standard","meta":{"footnotes":""},"categories":[38],"tags":[],"class_list":{"0":"post-9802","1":"post","2":"type-post","3":"status-publish","4":"format-standard","5":"has-post-thumbnail","7":"category-nuce"},"_links":{"self":[{"href":"https:\/\/ypjrojava.net\/index.php?rest_route=\/wp\/v2\/posts\/9802","targetHints":{"allow":["GET"]}}],"collection":[{"href":"https:\/\/ypjrojava.net\/index.php?rest_route=\/wp\/v2\/posts"}],"about":[{"href":"https:\/\/ypjrojava.net\/index.php?rest_route=\/wp\/v2\/types\/post"}],"author":[{"embeddable":true,"href":"https:\/\/ypjrojava.net\/index.php?rest_route=\/wp\/v2\/users\/1"}],"replies":[{"embeddable":true,"href":"https:\/\/ypjrojava.net\/index.php?rest_route=%2Fwp%2Fv2%2Fcomments&post=9802"}],"version-history":[{"count":3,"href":"https:\/\/ypjrojava.net\/index.php?rest_route=\/wp\/v2\/posts\/9802\/revisions"}],"predecessor-version":[{"id":14715,"href":"https:\/\/ypjrojava.net\/index.php?rest_route=\/wp\/v2\/posts\/9802\/revisions\/14715"}],"wp:featuredmedia":[{"embeddable":true,"href":"https:\/\/ypjrojava.net\/index.php?rest_route=\/wp\/v2\/media\/14714"}],"wp:attachment":[{"href":"https:\/\/ypjrojava.net\/index.php?rest_route=%2Fwp%2Fv2%2Fmedia&parent=9802"}],"wp:term":[{"taxonomy":"category","embeddable":true,"href":"https:\/\/ypjrojava.net\/index.php?rest_route=%2Fwp%2Fv2%2Fcategories&post=9802"},{"taxonomy":"post_tag","embeddable":true,"href":"https:\/\/ypjrojava.net\/index.php?rest_route=%2Fwp%2Fv2%2Ftags&post=9802"}],"curies":[{"name":"wp","href":"https:\/\/api.w.org\/{rel}","templated":true}]}}