{"id":9809,"date":"2019-10-27T10:29:49","date_gmt":"2019-10-27T10:29:49","guid":{"rendered":"https:\/\/ypjrojava.net\/?p=9809"},"modified":"2022-06-22T03:26:13","modified_gmt":"2022-06-22T03:26:13","slug":"ji-capemeni-u-raya-gisti-re-4","status":"publish","type":"post","link":"https:\/\/ypjrojava.net\/?p=9809","title":{"rendered":"Ji \u00c7apemen\u00ee \u00fb Raya Gi\u015ft\u00ee re"},"content":{"rendered":"<p class=\"Default\"><b>\u00a0<\/b>Pi\u015ft\u00ee guft\u00fbgoy\u00ean berfireh li gel Federasyona R\u00fbsya li ser hin xal\u00ean hevpeyman\u00ea ku me er\u00ea nedikir, bi armanca sekinandina \u00ear\u00ee\u015f\u00ean art\u00ea\u015fa dagirker li ser gel \u00fb destkeftiy\u00ean her\u00eam\u00ea, em gih\u00ee\u015ftin encama p\u00eak an\u00eena r\u00eakeftina So\u00e7\u00ee ya 22 Cotmeha 2019an. H\u00eaz\u00ean S\u00fbriya Demokrat\u00eek li seranser\u00ea bak\u00fbr\u00ea S\u00fbriy\u00ea \u00fb rojavay\u00ea Kurdistan\u00ea li her\u00eam\u00ean d\u00fbr\u00ee s\u00eenor\u00ea Tirkiy\u00ea \u00fb S\u00fbriy\u00ea xwe ji n\u00fb ve belav dike \u00fb li qad\u00ean n\u00fb bi c\u00eeh dibe da ku ev \u00ear\u00ee\u015f\u00ean hovane \u00fb xw\u00eena ku dirije werin sekinandin. H\u00eaz\u00ean parastina s\u00eenor a hik\u00fbmeta navend\u00ee li van her\u00eam\u00ean s\u00eenor t\u00ean bi c\u00eehkirin.<\/p>\n<p class=\"Default\">Weke H\u00eaz\u00ean S\u00fbriya Demokrat\u00eek, li gel teqezkirina p\u00eabendiya xwe ya parastina gel \u00fb destkeftiy\u00ean her\u00eam\u00ea, em bang li Federasyona Rusya dikin ku bi erk\u00ean xwe rabe \u00fb di navbera R\u00eaveberiya Xweser a Bak\u00fbr \u00fb Rojhilat\u00ea S\u00fbriy\u00ea \u00fb hik\u00fbmeta navend\u00ee ya \u015eam\u00ea de bingeha diyalogek \u00e7\u00eaker ava bike.<\/p>\n<p>&nbsp;<\/p>\n<p class=\"Default\"><b><i>Fermandariya Gi\u015ft\u00ee ya QSD<\/i><\/b><\/p>\n<p class=\"Default\"><b><i>27 Cotmeha 2019<\/i><\/b><\/p>\n","protected":false},"excerpt":{"rendered":"<p>\u00a0Pi\u015ft\u00ee guft\u00fbgoy\u00ean berfireh li gel Federasyona R\u00fbsya li ser hin xal\u00ean hevpeyman\u00ea ku me er\u00ea nedikir, bi armanca sekinandina \u00ear\u00ee\u015f\u00ean art\u00ea\u015fa dagirker li ser gel \u00fb destkeftiy\u00ean her\u00eam\u00ea, em gih\u00ee\u015ftin encama p\u00eak an\u00eena r\u00eakeftina So\u00e7\u00ee ya 22 Cotmeha 2019an. H\u00eaz\u00ean S\u00fbriya Demokrat\u00eek li seranser\u00ea bak\u00fbr\u00ea S\u00fbriy\u00ea \u00fb rojavay\u00ea Kurdistan\u00ea li her\u00eam\u00ean d\u00fbr\u00ee s\u00eenor\u00ea Tirkiy\u00ea \u00fb [&hellip;]<\/p>\n","protected":false},"author":1,"featured_media":14165,"comment_status":"closed","ping_status":"closed","sticky":false,"template":"","format":"standard","meta":{"footnotes":""},"categories":[39],"tags":[],"class_list":{"0":"post-9809","1":"post","2":"type-post","3":"status-publish","4":"format-standard","5":"has-post-thumbnail","7":"category-daxuyani"},"_links":{"self":[{"href":"https:\/\/ypjrojava.net\/index.php?rest_route=\/wp\/v2\/posts\/9809","targetHints":{"allow":["GET"]}}],"collection":[{"href":"https:\/\/ypjrojava.net\/index.php?rest_route=\/wp\/v2\/posts"}],"about":[{"href":"https:\/\/ypjrojava.net\/index.php?rest_route=\/wp\/v2\/types\/post"}],"author":[{"embeddable":true,"href":"https:\/\/ypjrojava.net\/index.php?rest_route=\/wp\/v2\/users\/1"}],"replies":[{"embeddable":true,"href":"https:\/\/ypjrojava.net\/index.php?rest_route=%2Fwp%2Fv2%2Fcomments&post=9809"}],"version-history":[{"count":1,"href":"https:\/\/ypjrojava.net\/index.php?rest_route=\/wp\/v2\/posts\/9809\/revisions"}],"predecessor-version":[{"id":9810,"href":"https:\/\/ypjrojava.net\/index.php?rest_route=\/wp\/v2\/posts\/9809\/revisions\/9810"}],"wp:featuredmedia":[{"embeddable":true,"href":"https:\/\/ypjrojava.net\/index.php?rest_route=\/wp\/v2\/media\/14165"}],"wp:attachment":[{"href":"https:\/\/ypjrojava.net\/index.php?rest_route=%2Fwp%2Fv2%2Fmedia&parent=9809"}],"wp:term":[{"taxonomy":"category","embeddable":true,"href":"https:\/\/ypjrojava.net\/index.php?rest_route=%2Fwp%2Fv2%2Fcategories&post=9809"},{"taxonomy":"post_tag","embeddable":true,"href":"https:\/\/ypjrojava.net\/index.php?rest_route=%2Fwp%2Fv2%2Ftags&post=9809"}],"curies":[{"name":"wp","href":"https:\/\/api.w.org\/{rel}","templated":true}]}}