{"id":9815,"date":"2019-10-27T12:40:16","date_gmt":"2019-10-27T12:40:16","guid":{"rendered":"https:\/\/ypjrojava.net\/?p=9815"},"modified":"2022-06-28T09:18:45","modified_gmt":"2022-06-28T09:18:45","slug":"servan-erisen-dagirkeran-diskinin","status":"publish","type":"post","link":"https:\/\/ypjrojava.net\/?p=9815","title":{"rendered":"\u015eervan \u00car\u00ee\u015f\u00ean Dagirkeran Di\u015fk\u00eenin"},"content":{"rendered":"<p><strong>Lezg\u00een:<\/strong><\/p>\n<p>Li g\u00fbnd\u00ea Babil X\u00ear, Um I\u015fb\u00ea \u00fb\u00a0 Dirdara\u00a0 le\u015fker\u00ean art\u00ea\u015fa Tirk a dagirker \u00fb \u00e7ete d\u00eesa dest bi \u00ear\u00ee\u015fek mezin kirin. Li g\u00fbnd\u00ea Um I\u015fb\u00ea \u015fervanan bi \u00e7ek\u00ea nav\u00een 3 seyar\u00ea wan \u00ea do\u00e7kay\u00ea derb kirin. Li g\u00fbnd\u00ea Dirdara j\u00ee \u015fervanan 2 caran \u00ear\u00ee\u015f\u00ean wan \u015fikandin, her wiha \u015fervanan BMB&#8217;yek\u00ee le\u015fker\u00ean art\u00ea\u015fa Tirk a dagirker\u00a0 \u00eemha kirin. Li van hers\u00ea g\u00fbndan \u015fer \u00fb pev\u00e7\u00fbn bi dijwar\u00ee didome.<\/p>\n<p><strong>Navenda Ragihandina YPJ&#8217;\u00ea\u00a0<\/strong><\/p>\n<p><strong>Ser\u00ea Kaniy\u00ea-27.10.2019<\/strong><\/p>\n<p><iframe loading=\"lazy\" title=\"\u0627\u0644\u0645\u0642\u0627\u0648\u0645\u0629 \u0641\u064a \u0627\u0644\u062f\u0631\u0628\u0627\u0633\u064a\u0629\" width=\"696\" height=\"392\" src=\"https:\/\/www.youtube.com\/embed\/bYxWMEVlcaU?feature=oembed\" frameborder=\"0\" allow=\"accelerometer; autoplay; clipboard-write; encrypted-media; gyroscope; picture-in-picture; web-share\" referrerpolicy=\"strict-origin-when-cross-origin\" allowfullscreen><\/iframe><\/p>\n","protected":false},"excerpt":{"rendered":"<p>Lezg\u00een: Li g\u00fbnd\u00ea Babil X\u00ear, Um I\u015fb\u00ea \u00fb\u00a0 Dirdara\u00a0 le\u015fker\u00ean art\u00ea\u015fa Tirk a dagirker \u00fb \u00e7ete d\u00eesa dest bi \u00ear\u00ee\u015fek mezin kirin. Li g\u00fbnd\u00ea Um I\u015fb\u00ea \u015fervanan bi \u00e7ek\u00ea nav\u00een 3 seyar\u00ea wan \u00ea do\u00e7kay\u00ea derb kirin. Li g\u00fbnd\u00ea Dirdara j\u00ee \u015fervanan 2 caran \u00ear\u00ee\u015f\u00ean wan \u015fikandin, her wiha \u015fervanan BMB&#8217;yek\u00ee le\u015fker\u00ean art\u00ea\u015fa Tirk a [&hellip;]<\/p>\n","protected":false},"author":1,"featured_media":14708,"comment_status":"closed","ping_status":"closed","sticky":false,"template":"","format":"standard","meta":{"footnotes":""},"categories":[38],"tags":[],"class_list":{"0":"post-9815","1":"post","2":"type-post","3":"status-publish","4":"format-standard","5":"has-post-thumbnail","7":"category-nuce"},"_links":{"self":[{"href":"https:\/\/ypjrojava.net\/index.php?rest_route=\/wp\/v2\/posts\/9815","targetHints":{"allow":["GET"]}}],"collection":[{"href":"https:\/\/ypjrojava.net\/index.php?rest_route=\/wp\/v2\/posts"}],"about":[{"href":"https:\/\/ypjrojava.net\/index.php?rest_route=\/wp\/v2\/types\/post"}],"author":[{"embeddable":true,"href":"https:\/\/ypjrojava.net\/index.php?rest_route=\/wp\/v2\/users\/1"}],"replies":[{"embeddable":true,"href":"https:\/\/ypjrojava.net\/index.php?rest_route=%2Fwp%2Fv2%2Fcomments&post=9815"}],"version-history":[{"count":4,"href":"https:\/\/ypjrojava.net\/index.php?rest_route=\/wp\/v2\/posts\/9815\/revisions"}],"predecessor-version":[{"id":14709,"href":"https:\/\/ypjrojava.net\/index.php?rest_route=\/wp\/v2\/posts\/9815\/revisions\/14709"}],"wp:featuredmedia":[{"embeddable":true,"href":"https:\/\/ypjrojava.net\/index.php?rest_route=\/wp\/v2\/media\/14708"}],"wp:attachment":[{"href":"https:\/\/ypjrojava.net\/index.php?rest_route=%2Fwp%2Fv2%2Fmedia&parent=9815"}],"wp:term":[{"taxonomy":"category","embeddable":true,"href":"https:\/\/ypjrojava.net\/index.php?rest_route=%2Fwp%2Fv2%2Fcategories&post=9815"},{"taxonomy":"post_tag","embeddable":true,"href":"https:\/\/ypjrojava.net\/index.php?rest_route=%2Fwp%2Fv2%2Ftags&post=9815"}],"curies":[{"name":"wp","href":"https:\/\/api.w.org\/{rel}","templated":true}]}}