{"id":9819,"date":"2019-10-27T13:19:20","date_gmt":"2019-10-27T13:19:20","guid":{"rendered":"https:\/\/ypjrojava.net\/?p=9819"},"modified":"2022-06-28T07:56:36","modified_gmt":"2022-06-28T07:56:36","slug":"artesa-dagirker-a-tirk-derben-giran-dixwe","status":"publish","type":"post","link":"https:\/\/ypjrojava.net\/?p=9819","title":{"rendered":"Art\u00ea\u015fa Dagirker A Tirk Derb\u00ean Giran Dixwe"},"content":{"rendered":"<p><strong>Lezgin: <\/strong><\/p>\n<p>\u015eervan\u00ean QSD \u00fb YPJ&#8217;\u00ea li hember\u00ee hewildan\u00ean \u00ear\u00ee\u015f\u00ean dagirkirin\u00ea\u00a0 bersiv dan. Li g\u00fbnd\u00ea Babil X\u00ear a gir\u00eaday\u00ee Ser\u00ea Kan\u00eey\u00ea panzereki din ya art\u00ea\u015fa dagirker a Tirk \u00eemha kirin, ji sibeh\u00ee \u00fb virde ev panzera 3&#8242; em\u00eene ji aliy\u00ea \u015fervanan ve t\u00ea \u00eemhakirin.<\/p>\n<p>Ji d\u00fbh \u015fevedin vir de j\u00ee 11 seyyare, 2 j\u00ee ji van seyyarey\u00ea do\u00e7qa ne hatine \u00eemha kirin \u00fb 5 j\u00ee ji van j\u00ee herem\u00ean ku di bin hakimiyeta \u015fervanan de maye . K\u00fb\u015ftiy\u00ea dijmin ber\u00ee n\u00eevro li g\u00fbnd\u00ea Babil X\u00ear 30 kes b\u00fbn, hejmarek pir j\u00ee bir\u00eendar\u00ea wan hene. Di \u015fer\u00ea j\u00ee n\u00eevro \u00fb virde j\u00ee gelek k\u00fb\u015ft\u00ee \u00fb bir\u00eendar\u00ea wan heye.<br \/>\nHeman d\u00eam\u00ea li g\u00fbnd\u00ea Til Diyab j\u00ee 8 cenaz\u00ea dijmin, cih\u00ean ku\u00a0 di bin hak\u00eemiyeta \u015fervan de<span style=\"text-transform: initial;\"> maye<\/span><span style=\"text-transform: initial;\">.<\/span><\/p>\n<p><strong>Navenda Ragihandina YPJ&#8217;\u00ea\u00a0<\/strong><\/p>\n<p><strong>Ser\u00ea Kaniy\u00ea- 27.10.2019<\/strong><\/p>\n<p><iframe loading=\"lazy\" title=\"\u00c7etey\u00ean Dagirker Xwastin Li BAB ELX\u00caR \u00cari\u015f\u00ee \u015eervanan Bikin L\u00ea \u015eervanan Bersiv Dan.\" width=\"696\" height=\"522\" src=\"https:\/\/www.youtube.com\/embed\/2tu0vYor9Z4?feature=oembed\" frameborder=\"0\" allow=\"accelerometer; autoplay; clipboard-write; encrypted-media; gyroscope; picture-in-picture; web-share\" referrerpolicy=\"strict-origin-when-cross-origin\" allowfullscreen><\/iframe><\/p>\n","protected":false},"excerpt":{"rendered":"<p>Lezgin: \u015eervan\u00ean QSD \u00fb YPJ&#8217;\u00ea li hember\u00ee hewildan\u00ean \u00ear\u00ee\u015f\u00ean dagirkirin\u00ea\u00a0 bersiv dan. Li g\u00fbnd\u00ea Babil X\u00ear a gir\u00eaday\u00ee Ser\u00ea Kan\u00eey\u00ea panzereki din ya art\u00ea\u015fa dagirker a Tirk \u00eemha kirin, ji sibeh\u00ee \u00fb virde ev panzera 3&#8242; em\u00eene ji aliy\u00ea \u015fervanan ve t\u00ea \u00eemhakirin. Ji d\u00fbh \u015fevedin vir de j\u00ee 11 seyyare, 2 j\u00ee ji van [&hellip;]<\/p>\n","protected":false},"author":1,"featured_media":14704,"comment_status":"closed","ping_status":"closed","sticky":false,"template":"","format":"standard","meta":{"footnotes":""},"categories":[38],"tags":[],"class_list":{"0":"post-9819","1":"post","2":"type-post","3":"status-publish","4":"format-standard","5":"has-post-thumbnail","7":"category-nuce"},"_links":{"self":[{"href":"https:\/\/ypjrojava.net\/index.php?rest_route=\/wp\/v2\/posts\/9819","targetHints":{"allow":["GET"]}}],"collection":[{"href":"https:\/\/ypjrojava.net\/index.php?rest_route=\/wp\/v2\/posts"}],"about":[{"href":"https:\/\/ypjrojava.net\/index.php?rest_route=\/wp\/v2\/types\/post"}],"author":[{"embeddable":true,"href":"https:\/\/ypjrojava.net\/index.php?rest_route=\/wp\/v2\/users\/1"}],"replies":[{"embeddable":true,"href":"https:\/\/ypjrojava.net\/index.php?rest_route=%2Fwp%2Fv2%2Fcomments&post=9819"}],"version-history":[{"count":6,"href":"https:\/\/ypjrojava.net\/index.php?rest_route=\/wp\/v2\/posts\/9819\/revisions"}],"predecessor-version":[{"id":14705,"href":"https:\/\/ypjrojava.net\/index.php?rest_route=\/wp\/v2\/posts\/9819\/revisions\/14705"}],"wp:featuredmedia":[{"embeddable":true,"href":"https:\/\/ypjrojava.net\/index.php?rest_route=\/wp\/v2\/media\/14704"}],"wp:attachment":[{"href":"https:\/\/ypjrojava.net\/index.php?rest_route=%2Fwp%2Fv2%2Fmedia&parent=9819"}],"wp:term":[{"taxonomy":"category","embeddable":true,"href":"https:\/\/ypjrojava.net\/index.php?rest_route=%2Fwp%2Fv2%2Fcategories&post=9819"},{"taxonomy":"post_tag","embeddable":true,"href":"https:\/\/ypjrojava.net\/index.php?rest_route=%2Fwp%2Fv2%2Ftags&post=9819"}],"curies":[{"name":"wp","href":"https:\/\/api.w.org\/{rel}","templated":true}]}}