{"id":9856,"date":"2019-10-28T12:22:19","date_gmt":"2019-10-28T12:22:19","guid":{"rendered":"https:\/\/ypjrojava.net\/?p=9856"},"modified":"2022-06-22T04:31:38","modified_gmt":"2022-06-22T04:31:38","slug":"ji-bo-raya-gisti-ra","status":"publish","type":"post","link":"https:\/\/ypjrojava.net\/?p=9856","title":{"rendered":"Ji Bo Raya Gi\u015ft\u00ee Ra"},"content":{"rendered":"<p>Art\u00ea\u015fa Tirk a dagirker \u00fb \u00e7etey\u00ean w\u00ea bi tekn\u00eek\u00ean xwe y\u00ean \u015fer \u00ear\u00ee\u015f\u00ean xwe didom\u00eene, her wiha pi\u015ft\u00ee veki\u015f\u00eena h\u00eaz\u00ean me ji her\u00eam\u00ean ku li ser hatib\u00fbn lihevkirin, art\u00ea\u015fa Tirk a dagirker \u00ear\u00ee\u015f\u00ean xwe b\u00eatir \u00fb g\u00fbrtir kirin, p\u00ea ra j\u00ee agirbest\u00ea heta niha bin p\u00ea dike. H\u00eaz\u00ean me j\u00ee di \u00e7ar\u00e7oveya parastina rewa da bersiv\u00ea didin \u00ear\u00ee\u015f\u00ean dagirkeriy\u00ea.<\/p>\n<p><strong>EN\u00ceYA DI NAVBERA SER\u00caKAN\u00ce \u00db DIRB\u00caS\u00ceY\u00ca DA:<\/strong><\/p>\n<p>Li gund\u00ea Derdara, Mor\u00eekis \u00fb Bab El X\u00ear, art\u00ea\u015fa Tirk a dagirker \u00fb \u00e7etey\u00ean w\u00ea bi bi \u00e7ek\u00ean giran, tang \u00fb balafiran \u00ear\u00ee\u015f kirin. Di encama bersivday\u00een\u00ea da 3 tang, 3 panz\u00ear, 6 tirimb\u00eal\u00ean le\u015fker\u00ee hatin r\u00fbxandin \u00fb 40 \u00e7ete \u00fb le\u015fker hatin ku\u015ftin.<\/p>\n<p>Bi gi\u015ft\u00ee di van gundan da 11 \u015fervan\u00ean me bi leheng\u00ee \u015feh\u00eed b\u00fbn.<\/p>\n<p><strong>EN\u00ceYA DI NAVBERA TIL TEMIR \u00db SER\u00caKAN\u00ceY\u00ca DA:<\/strong><\/p>\n<p>Art\u00ea\u015fa Tirk a dagirker \u00fb \u00e7etey\u00ean w\u00ea li gund\u00ean B\u00eer N\u00fbh, Til Diyab \u00fb Esed\u00eey\u00ea bi \u00e7ek\u00ean giran, tang \u00fb balafiran \u00ear\u00ee\u015f kirin.\u00a0 Di encama bersivday\u00een\u00ea da 2 tirimb\u00eal\u00ean do\u00e7ka y\u00ean barkir\u00ee hatin r\u00fbxandin \u00fb 16 \u00e7et\u00ea \u00fb le\u015fker hatin ku\u015ftin.<\/p>\n<p><strong>EN\u00ceYA KOBAN\u00ca \u00db EYN \u00ceSA:<\/strong><\/p>\n<p>\u00c7etey\u00ean art\u00ea\u015fa Tirk a dagirker li gund\u00ean Qizal\u00ee \u00fb n\u00eaz\u00ee r\u00eaka diwel\u00ee \u00ear\u00ee\u015f kirin. Di encam\u00ea da gelek ku\u015ft\u00ee \u00fb bir\u00eendar\u00ean dagirker \u00e7\u00eab\u00fbn, 2 heval\u00ean me bir\u00eendar b\u00fbn \u00fb 3 le\u015fker\u00ean r\u00eaj\u00eem\u00ea j\u00ee bir\u00eendar b\u00fbn.<\/p>\n<p>Bi gi\u015ft\u00ee \u00ear\u00ee\u015f\u00ean dagirkeran hatin sekinandin \u00fb 3 tang, di encama bersivday\u00eena h\u00eaz\u00ean me da 5 panz\u00ear, 2 tirimb\u00eal\u00ean do\u00e7ka y\u00ean barkir\u00ee \u00fb 6 tirimb\u00eal\u00ean le\u015fker\u00ee hatin r\u00fbxandin \u00fb 56 le\u015fker \u00fb \u00e7ete hatin ku\u015ftin. Her wiha le\u015fkerek\u00ea r\u00eaj\u00eem\u00ea j\u00eeyana xwe ji dest da \u00fb 13 le\u015fker\u00ean r\u00eaj\u00eem\u00ea j\u00ee bir\u00eendar b\u00fbn.<\/p>\n<p>Di wan \u015feran da 13 r\u00eaheval\u00ean me \u015feh\u00eed b\u00fbn \u00fb 2 j\u00ee bir\u00eendar in.<\/p>\n<p><strong>Navenda Ragihandin \u00fb \u00c7apemeniya QSD<\/strong><\/p>\n<p><strong> 28 Cotmeh 2019<\/strong><\/p>\n","protected":false},"excerpt":{"rendered":"<p>Art\u00ea\u015fa Tirk a dagirker \u00fb \u00e7etey\u00ean w\u00ea bi tekn\u00eek\u00ean xwe y\u00ean \u015fer \u00ear\u00ee\u015f\u00ean xwe didom\u00eene, her wiha pi\u015ft\u00ee veki\u015f\u00eena h\u00eaz\u00ean me ji her\u00eam\u00ean ku li ser hatib\u00fbn lihevkirin, art\u00ea\u015fa Tirk a dagirker \u00ear\u00ee\u015f\u00ean xwe b\u00eatir \u00fb g\u00fbrtir kirin, p\u00ea ra j\u00ee agirbest\u00ea heta niha bin p\u00ea dike. H\u00eaz\u00ean me j\u00ee di \u00e7ar\u00e7oveya parastina rewa da [&hellip;]<\/p>\n","protected":false},"author":1,"featured_media":14180,"comment_status":"closed","ping_status":"closed","sticky":false,"template":"","format":"standard","meta":{"footnotes":""},"categories":[39],"tags":[],"class_list":{"0":"post-9856","1":"post","2":"type-post","3":"status-publish","4":"format-standard","5":"has-post-thumbnail","7":"category-daxuyani"},"_links":{"self":[{"href":"https:\/\/ypjrojava.net\/index.php?rest_route=\/wp\/v2\/posts\/9856","targetHints":{"allow":["GET"]}}],"collection":[{"href":"https:\/\/ypjrojava.net\/index.php?rest_route=\/wp\/v2\/posts"}],"about":[{"href":"https:\/\/ypjrojava.net\/index.php?rest_route=\/wp\/v2\/types\/post"}],"author":[{"embeddable":true,"href":"https:\/\/ypjrojava.net\/index.php?rest_route=\/wp\/v2\/users\/1"}],"replies":[{"embeddable":true,"href":"https:\/\/ypjrojava.net\/index.php?rest_route=%2Fwp%2Fv2%2Fcomments&post=9856"}],"version-history":[{"count":1,"href":"https:\/\/ypjrojava.net\/index.php?rest_route=\/wp\/v2\/posts\/9856\/revisions"}],"predecessor-version":[{"id":9857,"href":"https:\/\/ypjrojava.net\/index.php?rest_route=\/wp\/v2\/posts\/9856\/revisions\/9857"}],"wp:featuredmedia":[{"embeddable":true,"href":"https:\/\/ypjrojava.net\/index.php?rest_route=\/wp\/v2\/media\/14180"}],"wp:attachment":[{"href":"https:\/\/ypjrojava.net\/index.php?rest_route=%2Fwp%2Fv2%2Fmedia&parent=9856"}],"wp:term":[{"taxonomy":"category","embeddable":true,"href":"https:\/\/ypjrojava.net\/index.php?rest_route=%2Fwp%2Fv2%2Fcategories&post=9856"},{"taxonomy":"post_tag","embeddable":true,"href":"https:\/\/ypjrojava.net\/index.php?rest_route=%2Fwp%2Fv2%2Ftags&post=9856"}],"curies":[{"name":"wp","href":"https:\/\/api.w.org\/{rel}","templated":true}]}}