{"id":9867,"date":"2019-10-29T13:58:54","date_gmt":"2019-10-29T13:58:54","guid":{"rendered":"https:\/\/ypjrojava.net\/?p=9867"},"modified":"2019-10-30T12:20:05","modified_gmt":"2019-10-30T12:20:05","slug":"ypj-reheval-zeynep-u-nergiz-bun-pesengen-berxwedana-rumete","status":"publish","type":"post","link":"https:\/\/ypjrojava.net\/?p=9867","title":{"rendered":"YPJ: R\u00eaheval Zeynep \u00fb N\u00earg\u00eez B\u00fbn P\u00ea\u015feng\u00ean Berxwedana R\u00fbmet\u00ea"},"content":{"rendered":"<p>&nbsp;<\/p>\n<p>Di \u015fexs\u00ea p\u00ea\u015feng\u00ean berxwedana Ser\u00ea Kaniy\u00ea, r\u00eaheval Zeynep \u00fb N\u00earg\u00eez de em \u015feh\u00eed\u00ean berxwedana r\u00fbmet\u00ea \u00fb tevah\u00ee \u015feh\u00eed\u00ean \u015fore\u015fa azadiya gelan bi b\u00eert\u00eenin. Em soza xwe ya bi \u015feh\u00eedan re dubare n\u00fb dikin. Ji gel\u00ea me \u00fb malbata herdu r\u00eahevalan re em sersax\u00ee dixwezin.<\/p>\n<p>\u015eore\u015fa azadiya gelan di 9 sal\u00ean derbas b\u00fby\u00ee de gelek p\u00ea\u015feng, qehreman \u00fb jin\u00ean w\u00earek bi cesaret afirandin. Heval Zeynep \u00fb N\u00earg\u00eez ji wan teko\u015f\u00eenvan\u00ean xwed\u00ee dilek\u00ee w\u00earek \u00fb gir\u00eaday\u00ee doza welat\u00ea xwe b\u00fbn. Ev r\u00eaheval\u00ean me di dest p\u00ea ka \u015fore\u015f\u00ea de b\u00fbn xwed\u00ee ked\u00ean mezin. Di p\u00ea\u015fengiya jin\u00ean berxwed\u00ear de \u015fore\u015fa me veguher\u00ee reng\u00ea \u015fore\u015fa jin\u00ea. Ev heq\u00eeqet hem di \u015fer\u00ea parastina rewa de \u00fb hem j\u00ee di rastiya h\u00eav\u00ee \u00fb jiyana gel\u00ea me, ku daxwaza w\u00ea dike de derket hol\u00ea.<\/p>\n<p>Heval Zeynep \u00fb heval N\u00earg\u00eez, di teko\u015f\u00een \u00fb \u015fer\u00ea dij\u00ee \u00e7etey\u00ean DAI\u015e\u2019\u00ea de roleke mezin ya di asta p\u00ea\u015fengiya fermandariya jin de girtin ser mil\u00ea xwe. Ew b\u00ea hesap \u00fb bi rih\u00ea berpirsyariya d\u00eerok\u00ee di \u015fer \u00fb jiyan\u00ea de fedekariya ku ji wan hate xwestin p\u00ea rab\u00fbn. Wan di jiyan\u00ea de fedekar\u00ee, di teko\u015f\u00een\u00ea de biryardar\u00ee \u00fb bi ezm\u00fbn\u00ean xwey\u00ee y\u00ean di \u015fer de bi dest xistib\u00fbn ji bo r\u00eaheval\u00ean xwe her tim b\u00fbn m\u00eenak\u00ean gir\u00eadana bi doza welat re. Wan r\u00eaheval, fermandar \u00fb dildar\u00ean xak\u00ea, her tim bi hest\u00ean netew\u00ee, t\u00eako\u015fiyan.<\/p>\n<p>Dewleta Tirk a dagirker bi armanca qirkirina gelan \u00fb tinekirina desekeftiy\u00ean gel\u00ean Bak\u00fbr Rojhilat\u00ea S\u00fbriy\u00ea di 9 \u00ea Cotmeh\u00ea de dest bi tevgera dagirkeriy\u00ea kir. Li hember\u00ee ev pilana dagirkeriy\u00ea di p\u00ea\u015fengiya \u015fervan \u00fb fermandar\u00ean me Zeynep \u00fb N\u00earg\u00eez de berxwedana R\u00fbmet\u00ea bi ked, fedekar\u00ee \u00fb berd\u00eal\u00ean mezin hate dest p\u00ea kirin. Di \u015fer\u00ea Ser\u00ea Kaniy\u00ea de herdu r\u00eaheval\u00ean me bi biryardariyek bilind \u00fb bi baweriyek tam ya teko\u015f\u00een\u00ea cih\u00ea xwe di \u015fer\u00ea parastina nix\u00ean mirovahiy\u00ea de girtin. Tev\u00ee \u00eari\u015f\u00ean giran y\u00ea dewleta tirk \u00fb hov\u00eetiya \u00e7etey\u00ean El Nusra herdu r\u00eaheval\u00ean me heya daw\u00ee li hember wan balafir, tang \u00fb topan li ber xwe dan \u00fb b\u00fbn m\u00eenak\u00ean \u015fer\u00ea berxwedana r\u00fbmet\u00ea.<\/p>\n<p>Me careke din di sekin \u00fb kesayeta heval Zeynep, N\u00earg\u00eez \u00fb \u015feh\u00eed\u00ean Berxwedana R\u00fbmet\u00ea de d\u00eet ku doza em di oxira w\u00ea de can\u00ea xwe feda dikin dozeke mafdar e. Hevr\u00ea Zeynep \u00fb N\u00earg\u00eez bi jiyan, hevalt\u00ee, teko\u015f\u00een, h\u00eav\u00ee \u00fb baweriya xwe biryardariya di jiyana azad de \u00eesrar n\u00ee\u015fan\u00ee me dan. \u015eehadeta van herdu r\u00eaheval\u00ean me fermana biryardariyek wiha xurt ya teko\u015f\u00eena azadiy\u00ea dide me. Em bi v\u00ea berpirsyariy\u00ea xwed\u00ee li \u015feh\u00eed\u00ean xwe derdikevin \u00fb em \u00ea her tim xwed\u00ee l\u00eaderbikevin.<\/p>\n<p>Li ser w\u00ea esas\u00ea em careke din p\u00ea\u015feng\u00ean berxwedana rumet\u00ea hevr\u00ea Zeynep \u00fb N\u00earg\u00eez bi b\u00eert\u00eenin, soza me daye \u015feh\u00eed\u00ean xwe dubare n\u00fb dikin. Ji gel\u00ea Bak\u00fbr-Rojhilat\u00ea-S\u00fbriy\u00ea \u00fb malbata herdu r\u00eahevalan re sersax\u00ee dixwezin.<\/p>\n<p><strong>Nasnamey<\/strong><strong>\u00ean<\/strong><strong> r\u00eaheval<\/strong><strong>\u00ean<\/strong><strong> me y<\/strong><strong>\u00ean<\/strong><strong> \u015feh\u00eed wiha ye:<\/strong><\/p>\n<p>&nbsp;<\/p>\n<p><img loading=\"lazy\" decoding=\"async\" class=\"alignnone size-medium wp-image-324\" src=\"http:\/\/ypjrojava.net\/tr\/wp-content\/uploads\/2019\/10\/ZEYNEP-FELAT-PINAR-YILMAZ-215x300.jpg\" alt=\"\" width=\"215\" height=\"300\" \/><\/p>\n<p>&nbsp;<\/p>\n<p><strong>Nasnav:<\/strong>\u00a0ZEYNEP FELAT<\/p>\n<p><strong>Nav \u00fb Pa\u015fnav:<\/strong>\u00a0PINAR YILMAZ<\/p>\n<p><strong>Nav\u00ea Day\u00eek:<\/strong>\u00a0\u015eEZ\u0130ME<\/p>\n<p><strong>Nav\u00ea Bav:<\/strong>\u00a0MEHD\u0130N<\/p>\n<p><strong>Cih \u00fb D\u00eeroka \u015eehadet\u00ea:\u00a0<\/strong>17.10.2019 \/Ser\u00eakaniy\u00ea<\/p>\n<p>&nbsp;<\/p>\n<p><img loading=\"lazy\" decoding=\"async\" class=\"alignnone size-medium wp-image-325\" src=\"http:\/\/ypjrojava.net\/tr\/wp-content\/uploads\/2019\/10\/NERG\u0130Z-\u015eEW\u0130\u015e-215x300.jpg\" alt=\"\" width=\"215\" height=\"300\" \/><strong>\u00a0<\/strong><\/p>\n<p><strong>Nasnav:<\/strong>\u00a0NERG\u0130Z \u015eEW\u0130\u015e<\/p>\n<p><strong>Nav \u00fb Pa\u015fnav:<\/strong>\u00a0SOSIN YOKSUL<\/p>\n<p><strong>Nav\u00ea Day\u00eek: <\/strong>XANIM<\/p>\n<p><strong>Nav\u00ea Bav:<\/strong> XALIT<\/p>\n<p><strong>Cih \u00fb D\u00eeroka \u015eehadet\u00ea:<\/strong>12.10.2019<strong> \/<\/strong>TIL HELEF<\/p>\n<p>&nbsp;<\/p>\n<p><strong>Fermandariya Gi\u015ft\u00ee A YPJ\u2019\u00ea<\/strong><\/p>\n<p><strong>28.10.2019\u00a0 <\/strong><\/p>\n<p>&nbsp;<\/p>\n","protected":false},"excerpt":{"rendered":"<p>&nbsp; Di \u015fexs\u00ea p\u00ea\u015feng\u00ean berxwedana Ser\u00ea Kaniy\u00ea, r\u00eaheval Zeynep \u00fb N\u00earg\u00eez de em \u015feh\u00eed\u00ean berxwedana r\u00fbmet\u00ea \u00fb tevah\u00ee \u015feh\u00eed\u00ean \u015fore\u015fa azadiya gelan bi b\u00eert\u00eenin. Em soza xwe ya bi \u015feh\u00eedan re dubare n\u00fb dikin. Ji gel\u00ea me \u00fb malbata herdu r\u00eahevalan re em sersax\u00ee dixwezin. \u015eore\u015fa azadiya gelan di 9 sal\u00ean derbas b\u00fby\u00ee de gelek [&hellip;]<\/p>\n","protected":false},"author":1,"featured_media":9868,"comment_status":"closed","ping_status":"closed","sticky":false,"template":"","format":"standard","meta":{"footnotes":""},"categories":[39],"tags":[],"class_list":{"0":"post-9867","1":"post","2":"type-post","3":"status-publish","4":"format-standard","5":"has-post-thumbnail","7":"category-daxuyani"},"_links":{"self":[{"href":"https:\/\/ypjrojava.net\/index.php?rest_route=\/wp\/v2\/posts\/9867","targetHints":{"allow":["GET"]}}],"collection":[{"href":"https:\/\/ypjrojava.net\/index.php?rest_route=\/wp\/v2\/posts"}],"about":[{"href":"https:\/\/ypjrojava.net\/index.php?rest_route=\/wp\/v2\/types\/post"}],"author":[{"embeddable":true,"href":"https:\/\/ypjrojava.net\/index.php?rest_route=\/wp\/v2\/users\/1"}],"replies":[{"embeddable":true,"href":"https:\/\/ypjrojava.net\/index.php?rest_route=%2Fwp%2Fv2%2Fcomments&post=9867"}],"version-history":[{"count":2,"href":"https:\/\/ypjrojava.net\/index.php?rest_route=\/wp\/v2\/posts\/9867\/revisions"}],"predecessor-version":[{"id":9913,"href":"https:\/\/ypjrojava.net\/index.php?rest_route=\/wp\/v2\/posts\/9867\/revisions\/9913"}],"wp:featuredmedia":[{"embeddable":true,"href":"https:\/\/ypjrojava.net\/index.php?rest_route=\/wp\/v2\/media\/9868"}],"wp:attachment":[{"href":"https:\/\/ypjrojava.net\/index.php?rest_route=%2Fwp%2Fv2%2Fmedia&parent=9867"}],"wp:term":[{"taxonomy":"category","embeddable":true,"href":"https:\/\/ypjrojava.net\/index.php?rest_route=%2Fwp%2Fv2%2Fcategories&post=9867"},{"taxonomy":"post_tag","embeddable":true,"href":"https:\/\/ypjrojava.net\/index.php?rest_route=%2Fwp%2Fv2%2Ftags&post=9867"}],"curies":[{"name":"wp","href":"https:\/\/api.w.org\/{rel}","templated":true}]}}