{"id":9883,"date":"2019-10-29T16:32:13","date_gmt":"2019-10-29T16:32:13","guid":{"rendered":"https:\/\/ypjrojava.net\/?p=9883"},"modified":"2022-06-22T04:30:39","modified_gmt":"2022-06-22T04:30:39","slug":"encame-ser-u-berxwedayina-24-seaten-dawi","status":"publish","type":"post","link":"https:\/\/ypjrojava.net\/?p=9883","title":{"rendered":"Encam\u00ea \u015eer \u00fb Berxwedayina 24 Seat\u00ean Daw\u00ee"},"content":{"rendered":"<p>&nbsp;<\/p>\n<p>Art\u00ea\u015fa Tirk a dagirker \u00fb \u00e7etey\u00ean w\u00ea bi pi\u015ftgiriya hem\u00fb curey\u00ean tekn\u00eeka xwe ve \u00ear\u00ee\u015f\u00ean xwe, ruxm\u00ea ku agirbest hatiye ragihandin \u00fb ruxm\u00ea ku h\u00eaz\u00ean me li gor biryar\u00ean peyman\u00ean ku hatine li dar xistin tevdigerin l\u00ea bel\u00ea disa j\u00ee art\u00ea\u015fa dewleta Tirk a dagirker \u00fb \u00e7etey\u00ean w\u00ea li tevahiya en\u00eey\u00ean \u00ear\u00ee\u015f\u00ean xwe domandiye her wiha di van \u00ear\u00ee\u015fan de welatiy\u00ean siv\u00eel bi zane b\u00fbn dike hedef \u00fb qetil dike.<\/p>\n<p><strong>Eniya Dirb\u00easiy\u00ea \u00fb Eb\u00fb Ras\u00ean:<br \/>\n<\/strong>Li gund\u00ean Um E\u015fpa, Bab El Fara\u00e7, Emirad, Til Qertel, S\u00ea Neqliy\u00ea Dawidiy\u00ea, Bab El X\u00ear \u00fb Mir\u00eakis art\u00ea\u015fa Tirk a dagirker \u00fb \u00e7etey\u00ean w\u00ea \u00ear\u00ee\u015f li dar xistin. Di encam\u00ea bersivdan\u00ea de 2 seyar\u00ean do\u00e7ka barkir\u00ee, 2 seyarey\u00ean le\u015fker\u00ee hatin r\u00fbxandin \u00fb 47 le\u015fker \u00fb \u00e7ete hatin ku\u015ftin<\/p>\n<p><strong>Eniya navbera Ser\u00ea kaniy\u00ea \u00fb Til Temir:<br \/>\n<\/strong>\u00c7etey\u00ean art\u00ea\u015fa Tirk a dagirker \u00ear\u00ee\u015f\u00ea gund\u00ean Eltew\u00eela, Er\u00ee\u015fa \u00fb Leylan kirin. Di encama bersivdan\u00ea de 14 \u00e7ete \u00fb le\u015fker hatin ku\u015ftin.<\/p>\n<p><strong>Eniya navbera Gir\u00ea Sip\u00ee \u00fb Eyn \u00cesa:<\/strong><br \/>\nArt\u00ea\u015fa Tirk a dagirker \u00fb \u00e7etey\u00ean w\u00ea \u00ear\u00ee\u015f\u00ee gund\u00ean Qandiriy\u00ea, Besriy\u00ea, Xirbet Faris \u00fb Ebu Xerza kirin. Di encama bersivdan\u00ea de 19 \u00e7ete \u00fb le\u015fker hatin ku\u015ftin hejmarek j\u00ee bir\u00eendar b\u00fbn.<\/p>\n<p>Di encama bersivdayina h\u00eaz\u00ean me li dij\u00ee \u00ear\u00ee\u015f\u00ean art\u00ea\u015fa Tirk a dagirker \u00fb \u00e7etey\u00ean w\u00ea de bi gi\u015ft\u00ee 2 seyarey\u00ean do\u00e7ka barkir\u00ee, 2 seyarey\u00ean le\u015fker\u00ee hatin r\u00fbxandin \u00fb 80 le\u015fker \u00fb \u00e7ete hatin ku\u015ftin her wiha hevalek me bi leheng\u00ee \u015fer kir \u00fb \u015feh\u00eed ket, 8 heval\u00ean me j\u00ee bir\u00eendar b\u00fbn<\/p>\n<p><strong>Navenda Ragihandin \u00fb \u00c7apemeniya QSD <\/strong><\/p>\n<p><strong><br \/>\n29 Cotmeh 2019<\/strong><\/p>\n","protected":false},"excerpt":{"rendered":"<p>&nbsp; Art\u00ea\u015fa Tirk a dagirker \u00fb \u00e7etey\u00ean w\u00ea bi pi\u015ftgiriya hem\u00fb curey\u00ean tekn\u00eeka xwe ve \u00ear\u00ee\u015f\u00ean xwe, ruxm\u00ea ku agirbest hatiye ragihandin \u00fb ruxm\u00ea ku h\u00eaz\u00ean me li gor biryar\u00ean peyman\u00ean ku hatine li dar xistin tevdigerin l\u00ea bel\u00ea disa j\u00ee art\u00ea\u015fa dewleta Tirk a dagirker \u00fb \u00e7etey\u00ean w\u00ea li tevahiya en\u00eey\u00ean \u00ear\u00ee\u015f\u00ean xwe domandiye [&hellip;]<\/p>\n","protected":false},"author":1,"featured_media":14179,"comment_status":"closed","ping_status":"closed","sticky":false,"template":"","format":"standard","meta":{"footnotes":""},"categories":[39],"tags":[],"class_list":{"0":"post-9883","1":"post","2":"type-post","3":"status-publish","4":"format-standard","5":"has-post-thumbnail","7":"category-daxuyani"},"_links":{"self":[{"href":"https:\/\/ypjrojava.net\/index.php?rest_route=\/wp\/v2\/posts\/9883","targetHints":{"allow":["GET"]}}],"collection":[{"href":"https:\/\/ypjrojava.net\/index.php?rest_route=\/wp\/v2\/posts"}],"about":[{"href":"https:\/\/ypjrojava.net\/index.php?rest_route=\/wp\/v2\/types\/post"}],"author":[{"embeddable":true,"href":"https:\/\/ypjrojava.net\/index.php?rest_route=\/wp\/v2\/users\/1"}],"replies":[{"embeddable":true,"href":"https:\/\/ypjrojava.net\/index.php?rest_route=%2Fwp%2Fv2%2Fcomments&post=9883"}],"version-history":[{"count":1,"href":"https:\/\/ypjrojava.net\/index.php?rest_route=\/wp\/v2\/posts\/9883\/revisions"}],"predecessor-version":[{"id":9884,"href":"https:\/\/ypjrojava.net\/index.php?rest_route=\/wp\/v2\/posts\/9883\/revisions\/9884"}],"wp:featuredmedia":[{"embeddable":true,"href":"https:\/\/ypjrojava.net\/index.php?rest_route=\/wp\/v2\/media\/14179"}],"wp:attachment":[{"href":"https:\/\/ypjrojava.net\/index.php?rest_route=%2Fwp%2Fv2%2Fmedia&parent=9883"}],"wp:term":[{"taxonomy":"category","embeddable":true,"href":"https:\/\/ypjrojava.net\/index.php?rest_route=%2Fwp%2Fv2%2Fcategories&post=9883"},{"taxonomy":"post_tag","embeddable":true,"href":"https:\/\/ypjrojava.net\/index.php?rest_route=%2Fwp%2Fv2%2Ftags&post=9883"}],"curies":[{"name":"wp","href":"https:\/\/api.w.org\/{rel}","templated":true}]}}