{"id":9919,"date":"2019-10-30T17:41:38","date_gmt":"2019-10-30T17:41:38","guid":{"rendered":"https:\/\/ypjrojava.net\/?p=9919"},"modified":"2022-06-22T04:29:12","modified_gmt":"2022-06-22T04:29:12","slug":"ji-bo-raya-gisti-ra-2","status":"publish","type":"post","link":"https:\/\/ypjrojava.net\/?p=9919","title":{"rendered":"Ji Bo Raya Gi\u015ft\u00ee Ra"},"content":{"rendered":"<p><strong>Encam<\/strong><strong>\u00ean \u015fer <\/strong><strong>\u00fb berxwedana roja 21em\u00een li rojavay<\/strong><strong>\u00ea Kurdistan<\/strong><strong>\u00ea \u00fb bak<\/strong><strong>\u00fbr<\/strong><strong>\u00ea S<\/strong><strong>\u00fbriy<\/strong><strong>\u00ea<\/strong><\/p>\n<p>H\u00eaz\u00ean me di \u00e7ar\u00e7oveya r\u00eakeftina di navbera aliy\u00ean p\u00eawend\u00eedar de xwe ji her\u00eam\u00ean p\u00eaw\u00eest veki\u015fand \u00fb di encam de h\u00eaz\u00ean parastina s\u00eenor ya hik\u00fbmeta S\u00fbr\u00ee di van her\u00eaman de hatin bi c\u00eehkirin. At\u00ea\u015fa dagirker \u00fb kom\u00ean \u00e7ete y\u00ean bi ser ve, ruxm\u00ea r\u00eakeftin \u00fb veki\u015fandina h\u00eaz\u00ean me j\u00ee, li van her\u00eam\u00ean bi hem\u00fb h\u00eaza xwe, bi \u00e7ek\u00ean giran \u00fb bi h\u00eaza heway\u00ee \u00ear\u00ee\u015f\u00ean xwe y\u00ean li ser \u00e7eper\u00ean le\u015fker\u00ean hik\u00fbmeta S\u00fbr\u00ee \u00fb van gundan bi awayek\u00ee tund didom\u00eene. H\u00eaz\u00ean me bi armanca parastina s\u00eenor, van gundan \u00fb le\u015fker\u00ean hik\u00fbmeta S\u00fbr\u00ee, di gelek her\u00eaman de bersiva \u00ear\u00ee\u015fan didin.<\/p>\n<p><strong>Dirb<\/strong><strong>\u00easiy<\/strong><strong>\u00ea<\/strong><\/p>\n<p>Art\u00ea\u015fa dagirker \u00ear\u00ee\u015f\u00ean xwe y\u00ean li ser hem\u00ea domand \u00fb bi topan \u00ear\u00ee\u015f bir ser her\u00eam\u00ean s\u00eev\u00eel. D\u00eesa kom\u00ean \u00e7ete bi tang, BMP \u00fb \u00e7ek\u00ean giran \u00ear\u00ee\u015f birin ser gund\u00ea Ing el-Hewa. Di encama bersivdana h\u00eaz\u00ean me de her\u00ee k\u00eam 60 \u00e7ete hatin ku\u015ftin \u00fb 20 \u00e7ete br\u00eendar b\u00fbn. Di \u00ear\u00ee\u015f\u00ean art\u00ea\u015fa dagirker de hejmarek le\u015fker\u00ean parastina s\u00eenor y\u00ean S\u00fbriy\u00ea jiyana xwe ji dest dan \u00fb hejmarek j\u00ee d\u00eel ketin dest\u00ea art\u00ea\u015fa dagirker.<\/p>\n<p><strong>Til Temir <\/strong><strong>\u00fb Ser<\/strong><strong>\u00eakaniy<\/strong><strong>\u00ea<\/strong><\/p>\n<p>Art\u00ea\u015fa dagirker \u00fb kom\u00ean \u00e7ete y\u00ean bi ser ve bi tang \u00fb topan \u00ear\u00ee\u015f birin ser \u00e7eper\u00ean h\u00eaz\u00ean me y\u00ean li gund\u00ea Er\u00ee\u015fa, Salihiy\u00ea \u00fb Ebd el-Selam. H\u00eaz\u00ean me di \u00e7ar\u00e7oveya parastian rewa de bersiva van \u00ear\u00ee\u015fan dan \u00fb di encam de seyareyek do\u00e7kabarkir\u00ee r\u00fbxandin. Herwiha hejmarek ji \u00e7eteyan hatin ku\u015ftin \u00fb br\u00eendarkirin.<\/p>\n<p><strong>Gir<\/strong><strong>\u00ea Sp<\/strong><strong>\u00ee \u00fb Eyn \u00cesa<\/strong><\/p>\n<p>Li gund\u00ean Qizal\u00ee, Gor K\u00eeha \u00fb Evdik\u00ea h\u00eaz\u00ean me bersiv dan \u00ear\u00ee\u015f\u00ean kom\u00ean \u00e7ete \u00fb li her\u00eam\u00ea \u015fer qewim\u00ee. Di encama pev\u00e7\u00fbn\u00ean giran de her\u00ee k\u00eam 15 \u00e7etey\u00ean dagirker hatin ku\u015ftin \u00fb gelek ji wan br\u00eendar b\u00fbn.<\/p>\n<p>Di \u015fer\u00ea roja 21em\u00een de bi gi\u015ft\u00ee 75 \u00e7ete \u00fb le\u015fker\u00ean dagirker hatin ku\u015ftin, bi k\u00eaman\u00ee 20 \u00e7ete br\u00eendar b\u00fbn.<\/p>\n<p>Di v\u00ea berxwedan\u00ea de hevalek me bi leheng\u00ee \u015fer kir \u00fb \u015feh\u00eed ket, 6 heval\u00ean me br\u00eendar b\u00fbn. Herwiha di van \u00ear\u00ee\u015fan de hejmarek le\u015fker\u00ean S\u00fbriy\u00ea jiyana xwe ji dest dan \u00fb hejmarek ji wan j\u00ee d\u00eel ketin dest\u00ea art\u00ea\u015fa dagirker.<\/p>\n<p><strong><em>Navenda Ragihandina QSD<\/em><\/strong><\/p>\n<p><strong><em>30<\/em><\/strong><strong><em>\u00ea <\/em><\/strong><strong><em>Cotmeha 2019<\/em><\/strong><\/p>\n","protected":false},"excerpt":{"rendered":"<p>Encam\u00ean \u015fer \u00fb berxwedana roja 21em\u00een li rojavay\u00ea Kurdistan\u00ea \u00fb bak\u00fbr\u00ea S\u00fbriy\u00ea H\u00eaz\u00ean me di \u00e7ar\u00e7oveya r\u00eakeftina di navbera aliy\u00ean p\u00eawend\u00eedar de xwe ji her\u00eam\u00ean p\u00eaw\u00eest veki\u015fand \u00fb di encam de h\u00eaz\u00ean parastina s\u00eenor ya hik\u00fbmeta S\u00fbr\u00ee di van her\u00eaman de hatin bi c\u00eehkirin. At\u00ea\u015fa dagirker \u00fb kom\u00ean \u00e7ete y\u00ean bi ser ve, ruxm\u00ea r\u00eakeftin [&hellip;]<\/p>\n","protected":false},"author":1,"featured_media":14178,"comment_status":"closed","ping_status":"closed","sticky":false,"template":"","format":"standard","meta":{"footnotes":""},"categories":[39],"tags":[],"class_list":{"0":"post-9919","1":"post","2":"type-post","3":"status-publish","4":"format-standard","5":"has-post-thumbnail","7":"category-daxuyani"},"_links":{"self":[{"href":"https:\/\/ypjrojava.net\/index.php?rest_route=\/wp\/v2\/posts\/9919","targetHints":{"allow":["GET"]}}],"collection":[{"href":"https:\/\/ypjrojava.net\/index.php?rest_route=\/wp\/v2\/posts"}],"about":[{"href":"https:\/\/ypjrojava.net\/index.php?rest_route=\/wp\/v2\/types\/post"}],"author":[{"embeddable":true,"href":"https:\/\/ypjrojava.net\/index.php?rest_route=\/wp\/v2\/users\/1"}],"replies":[{"embeddable":true,"href":"https:\/\/ypjrojava.net\/index.php?rest_route=%2Fwp%2Fv2%2Fcomments&post=9919"}],"version-history":[{"count":1,"href":"https:\/\/ypjrojava.net\/index.php?rest_route=\/wp\/v2\/posts\/9919\/revisions"}],"predecessor-version":[{"id":9920,"href":"https:\/\/ypjrojava.net\/index.php?rest_route=\/wp\/v2\/posts\/9919\/revisions\/9920"}],"wp:featuredmedia":[{"embeddable":true,"href":"https:\/\/ypjrojava.net\/index.php?rest_route=\/wp\/v2\/media\/14178"}],"wp:attachment":[{"href":"https:\/\/ypjrojava.net\/index.php?rest_route=%2Fwp%2Fv2%2Fmedia&parent=9919"}],"wp:term":[{"taxonomy":"category","embeddable":true,"href":"https:\/\/ypjrojava.net\/index.php?rest_route=%2Fwp%2Fv2%2Fcategories&post=9919"},{"taxonomy":"post_tag","embeddable":true,"href":"https:\/\/ypjrojava.net\/index.php?rest_route=%2Fwp%2Fv2%2Ftags&post=9919"}],"curies":[{"name":"wp","href":"https:\/\/api.w.org\/{rel}","templated":true}]}}